{"id":41314,"date":"2020-05-04T15:50:29","date_gmt":"2020-05-04T19:50:29","guid":{"rendered":"https:\/\/www.thenatureofcities.com\/?p=41314"},"modified":"2020-05-07T09:20:16","modified_gmt":"2020-05-07T13:20:16","slug":"enabling-access-to-greenspace-during-the-covid-19-pandemic-perspectives-from-five-cities","status":"publish","type":"post","link":"https:\/\/www.thenatureofcities.com\/TNOC\/2020\/05\/04\/enabling-access-to-greenspace-during-the-covid-19-pandemic-perspectives-from-five-cities\/","title":{"rendered":"Enabling Access to Greenspace During the Covid-19 Pandemic\u2014Perspectives from Five Cities"},"content":{"rendered":"<figure class=\"wp-block-pullquote\"><blockquote>Using Google mobility data, <u><a href=\"http:\/\/projectenable.eu\/about\/\">Urban resilience researchers<\/a><\/u> in New York, Barcelona, Berlin\/Halle, Oslo, and Stockholm provide local perspectives on the importance of access to greenspace. While we hope the pandemic and its suffering soon will pass, understanding the importance of greenspace for urban resilience must continue with renewed force.<\/blockquote><\/figure>There is now plenty of <u><a href=\"http:\/\/www.euro.who.int\/__data\/assets\/pdf_file\/0005\/321971\/Urban-green-spaces-and-health-review-evidence.pdf?ua=1\" target=\"_blank\" rel=\"noopener noreferrer\">evidence<\/a><\/u> on the benefits of local access to greenspace and greenviews on physical health and mental well-being. Lockdowns and social distancing advisories have placed restrictions on citizen normal access to public spaces.\u00a0<u><a href=\"https:\/\/www.blog.google\/technology\/health\/covid-19-community-mobility-reports\" target=\"_blank\" rel=\"noopener noreferrer\">Google community mobility<\/a><\/u> statistics from February-March revealed varied patterns of reaction to Covid-19 in cities where we work.\u00a0While residential mobility increased everywhere, change in mobility <em>in parks <\/em>varied from city to city.<\/p>\n<p>Beyond the direct effects of the pandemic on mobility, and the effects of indoor time on health, Covid-19 sheds a strong light on challenges to urban resilience.\u00a0<u><a href=\"https:\/\/academic.oup.com\/bioscience\/article\/69\/7\/566\/5520779\" target=\"_blank\" rel=\"noopener noreferrer\">Our research<\/a><\/u> was\u2014pre-pandemic\u2014focused on the role of urban greenspaces for ecosystem services and environmental justice. The variation in restrictions and reactions to the pandemic across our cities shows a gradient from Barcelona and New York to Stockholm. This reinforces the importance of comparative research on <u><a href=\"https:\/\/link.springer.com\/article\/10.1007\/s13280-014-0505-z\" target=\"_blank\" rel=\"noopener noreferrer\">resilient urban development<\/a><\/u>, while triggering new questions.<\/p>\n<div class=\"img_clickwrapper\">\n<figure id=\"attachment_41315\" aria-describedby=\"caption-attachment-41315\" style=\"width: 1076px\" class=\"wp-caption aligncenter\"><a href=\"https:\/\/www.thenatureofcities.com\/2020\/05\/04\/enabling-access-to-greenspace-during-the-covid-19-pandemic-perspectives-from-five-cities\/image001-70\/\" rel=\"attachment wp-att-41315\"><img loading=\"lazy\" decoding=\"async\" class=\"size-full zoooom wp-image-41315\" src=\"https:\/\/www.thenatureofcities.com\/TNOC\/wp-content\/uploads\/2020\/05\/image001.png\" alt=\"\" width=\"1076\" height=\"712\" \/><\/a><figcaption id=\"caption-attachment-41315\" class=\"wp-caption-text\">Google community mobility data for five cities in the ENABLE project\u00a0Source: \u00a0<a href=\"https:\/\/www.gstatic.com\/covid19\/mobility\/\" target=\"_blank\" rel=\"noopener noreferrer\">https:\/\/www.gstatic.com\/covid19\/mobility\/<\/a> . The baseline is the median value, for the corresponding day of the week, during the 5- week period Jan 3\u2013Feb 6, 2020. <a href=\"https:\/\/www.gstatic.com\/covid19\/mobility\/2020-03-29_NO_Mobility_Report_en.pdf#page=9&amp;zoom=100,48,88\" target=\"_blank\" rel=\"noopener noreferrer\">https:\/\/www.gstatic.com\/covid19\/mobility\/2020-03-29_NO_Mobility_Report_en.pdf#page=9&amp;zoom=100,48,88<\/a><\/figcaption><\/figure>\n<\/div>\n<figure id=\"attachment_41316\" aria-describedby=\"caption-attachment-41316\" style=\"width: 697px\" class=\"wp-caption aligncenter\"><a href=\"https:\/\/www.thenatureofcities.com\/2020\/05\/04\/enabling-access-to-greenspace-during-the-covid-19-pandemic-perspectives-from-five-cities\/image003-45\/\" rel=\"attachment wp-att-41316\"><img loading=\"lazy\" decoding=\"async\" class=\"size-full wp-image-41316\" src=\"https:\/\/www.thenatureofcities.com\/TNOC\/wp-content\/uploads\/2020\/05\/image003.jpg\" alt=\"\" width=\"697\" height=\"408\" srcset=\"https:\/\/www.thenatureofcities.com\/TNOC\/wp-content\/uploads\/2020\/05\/image003.jpg 697w, https:\/\/www.thenatureofcities.com\/TNOC\/wp-content\/uploads\/2020\/05\/image003-100x59.jpg 100w\" sizes=\"auto, (max-width: 697px) 100vw, 697px\" \/><\/a><figcaption id=\"caption-attachment-41316\" class=\"wp-caption-text\">Mobility changes during the pandemic in 5 cities emphasizes research findings on the importance of green space and raises new research questions<\/figcaption><\/figure>\n<p>The severity of the lockdowns on workplace mobility has been stronger in Barcelona and New York than Berlin\/Halle and Oslo, which in turn have had stronger restrictions than Stockholm. The severity of the pandemic and restrictions seems roughly to coincide in the case of our cities with urban density and greenspace availability per inhabitant (see below).<\/p>\n<div class=\"img_clickwrapper\">\n<figure id=\"attachment_41317\" aria-describedby=\"caption-attachment-41317\" style=\"width: 1289px\" class=\"wp-caption aligncenter\"><a href=\"https:\/\/www.thenatureofcities.com\/2020\/05\/04\/enabling-access-to-greenspace-during-the-covid-19-pandemic-perspectives-from-five-cities\/image004-30\/\" rel=\"attachment wp-att-41317\"><img loading=\"lazy\" decoding=\"async\" class=\"size-full zoooom wp-image-41317\" src=\"https:\/\/www.thenatureofcities.com\/TNOC\/wp-content\/uploads\/2020\/05\/image004.jpg\" alt=\"\" width=\"1289\" height=\"725\" \/><\/a><figcaption id=\"caption-attachment-41317\" class=\"wp-caption-text\">Urban greenspace availability for selected European cities in ENABLE<\/figcaption><\/figure>\n<\/div>The reactions to Covid-19 and impacts on access to greenspace raise a number of questions which cast previous research results &#8220;in a pandemic light&#8221;. Is the loss of access to greenspace larger in areas hit the hardest by the pandemic? Are other environmental problems correlated with the incidence of Covid-19 and its restrictions? Is the distribution of greenspace and the loss of access equitable across neighbourhoods? Are new open spaces such as brownfields being used, and does the lockdown increase the importance of green roofs in dense cities? What is the effect on children and public health of indoor confinement? What of a pandemic lockdown in a future climate change scenario with heat waves?<\/p>\n<p>The Google mobility data for residential area and parks triggers questions about the importance of greenspace during the pandemic. Can the resolution of the mobility data be improved and compiled specifically for the urban areas hardest hit by the pandemic? In the following we look at some of these gaps and questions city by city.<\/p>\n<p><strong>Berlin, Leipzig, Halle, Germany by <u><a href=\"mailto:dagmar.haase@ufz.de\">Dagmar Haase<\/a><\/u> and <u><a href=\"mailto:andre.mascarenhas@fct.unl.pt\">Andre Mascarenhas<\/a><\/u><\/strong><\/p>\n<div class=\"img_clickwrapper\">\n<figure id=\"attachment_41318\" aria-describedby=\"caption-attachment-41318\" style=\"width: 821px\" class=\"wp-caption aligncenter\"><a href=\"https:\/\/www.thenatureofcities.com\/2020\/05\/04\/enabling-access-to-greenspace-during-the-covid-19-pandemic-perspectives-from-five-cities\/image005-37\/\" rel=\"attachment wp-att-41318\"><img loading=\"lazy\" decoding=\"async\" class=\"size-full zoooom wp-image-41318\" src=\"https:\/\/www.thenatureofcities.com\/TNOC\/wp-content\/uploads\/2020\/05\/image005.png\" alt=\"\" width=\"821\" height=\"492\" \/><\/a><figcaption id=\"caption-attachment-41318\" class=\"wp-caption-text\">Source: https:\/\/www.gstatic.com\/covid19\/mobility\/2020-03-29_DE_Mobility_Report_en.pdf<\/figcaption><\/figure>\n<\/div>The Google mobility data describe only partly what you can observe on the streets of large German cities like Berlin, Leipzig, or Halle. People limit shopping (retail, grocery, pharmacy), but our general impression is that more people seek being outdoors, meaning walking in their residential area as shown in the Google mobility data, but also in green spaces. You see many more people jogging compared to pre-corona times. People are innovative in lawn-based activities, since playgrounds and sports fields are closed, <u><a href=\"https:\/\/www.mdpi.com\/2073-445X\/9\/3\/73\" target=\"_blank\" rel=\"noopener noreferrer\">which highlights the importance of lawns as recreational places<\/a><\/u>. Interestingly, there is evidence for the importance of open spaces other than parks, such as <u><a href=\"https:\/\/doi.org\/10.1016\/j.ecoser.2018.01.011\" target=\"_blank\" rel=\"noopener noreferrer\">brownfields<\/a><\/u>. Previously, they were basically for walking the dog, but are now also used for family activities and jogging more than before. One reason might be that brownfields are less observed and visited by the police and thus people feel more free. Another relevant type of non-park green space is urban forests, where similarly it can be more difficult for the police to control people\u2019s behaviours.<\/p>\n<p>There is <u><a href=\"https:\/\/doi.org\/10.1007\/s11252-017-0660-7\" target=\"_blank\" rel=\"noopener noreferrer\">evidence<\/a><\/u> that important urban forests like Grunewald in Berlin are intensively used.<u> <a href=\"https:\/\/doi.org\/10.1007\/s11252-017-0660-7\" target=\"_blank\" rel=\"noopener noreferrer\">Reasons<\/a><\/u> to use such spaces have to do with people finding them relaxing and calming, wanting to enjoy their beauty or experience wilderness, or believing that they have a positive influence on their well-being. For the coming weeks, namely until 3 May when restrictions will be re-discussed in German government, if numbers of infected further decrease and the r-value remains below 1, more and larger shops will reopen, walks for shopping will most probably increase, while those in residential neighbourhoods and parks might decline (being replaced by shopping walks\/ways). In terms of existing inequalities in the uptake of ecosystem services from green spaces in German large cities, it is still hard to judge without monitoring data, but <a href=\"https:\/\/doi.org\/10.1016\/j.habitatint.2017.04.005\" target=\"_blank\" rel=\"noopener noreferrer\">existing evidence<\/a> indicates that there is unequal socio-spatial distribution of urban green space, translated in differences in the quantity and size of green spaces, the structure of vegetation, and their quality. These inequalities and their negative effects on the worse off can become very important in situations like the corona lockdown.<\/p>\n<p>We think those inequalities remain more or less the same when it is about parks, they only become much more visible due to the mobility restrictions in place. Of course people with residential \/ private green definitely can draw more benefits (like enjoying fresh air or gardening)than those without. Those with a view into urban green also draw some benefits, particularly if they have a balcony, allowing them to \u201cgo outside\u201d or do some gardening. These factors are related to existing inequalities in the housing market but, of course, now they become simply more evident. The Corona situation has highlighted the need to put more emphasis in developing high quality green spaces in all districts and areas of the cities, as in times of such mobility restrictions both short distances (as public transport is not advised) and good quality of urban greenspace would be urgently needed.<\/p>\n<p>Finally, in terms of this pandemic, the virus occurrence and the reaction to it brought two things onto the desk of Leipzig and Halle\u2019s urban greenspace development: First, as mentioned above, <u><a href=\"http:\/\/dx.doi.org\/10.1016\/j.habitatint.2017.04.005\" target=\"_blank\" rel=\"noopener noreferrer\">a more equal (fair) distribution of high quality green spaces for recreation <\/a><\/u>across the entire town. Second, to develop more &#8220;wild&#8221; areas where people have NO access and wildlife can develop and form independent biocenosis and thus prevent zoonoses as best as possible. This point is particularly important for the joint planning of cities and their wider peripheries.<\/p>\n<p><strong>Barcelona by <u><a href=\"mailto:Johannes.Langemeyer@uab.cat\">Johannes Langemeyer<\/a><\/u> and <u><a href=\"mailto:francesc.baro@gmail.com\">Francesc Bar\u00f3<\/a><\/u><\/strong><\/p>\n<p>As Covid-19 infection rates started to increase, Spain declared a countrywide state of emergency and put in place and restricted people\u2019s mobility and especially activities in public space drastically (see decree <u><a href=\"https:\/\/www.boe.es\/diario_boe\/txt.php?id=BOE-A-2020-3692\" target=\"_blank\" rel=\"noopener noreferrer\">here<\/a><\/u>). As a consequence, in Barcelona as in other Spanish cities\u2014but in sharp contrast to all other cities considered here\u2014the accessibility of public green spaces has been limited to dog walking (though restricted as well, this benefits a substantial share of the population, as the ratio between dogs and people in Spain is about 1:4). Other highly appreciated <u><a href=\"https:\/\/www.sciencedirect.com\/science\/article\/abs\/pii\/S2212041614001557?via%3Dihub\">recreational activities<\/a><\/u> like outdoor running or cycling are penalized by high fines, while most urban parks have been closed since mid-March. As a consequence, park use drastically dropped by about 90%, as shown by the Google mobility data.<\/p>\n<div class=\"img_clickwrapper\">\n<figure id=\"attachment_41319\" aria-describedby=\"caption-attachment-41319\" style=\"width: 815px\" class=\"wp-caption aligncenter\"><a href=\"https:\/\/www.thenatureofcities.com\/2020\/05\/04\/enabling-access-to-greenspace-during-the-covid-19-pandemic-perspectives-from-five-cities\/image007-27\/\" rel=\"attachment wp-att-41319\"><img loading=\"lazy\" decoding=\"async\" class=\"size-full zoooom wp-image-41319\" src=\"https:\/\/www.thenatureofcities.com\/TNOC\/wp-content\/uploads\/2020\/05\/image007.png\" alt=\"\" width=\"815\" height=\"509\" \/><\/a><figcaption id=\"caption-attachment-41319\" class=\"wp-caption-text\">Source: <a href=\"https:\/\/www.gstatic.com\/covid19\/mobility\/2020-03-29_ES_Mobility_Report_en.pdf\" target=\"_blank\" rel=\"noopener noreferrer\">https:\/\/www.gstatic.com\/covid19\/mobility\/2020-03-29_ES_Mobility_Report_en.pdf<\/a>. Data for Barcelona not available.<\/figcaption><\/figure>\n<\/div>Despite broad scientific evidence for the health and wellbeing benefits from green space exposure, the lockdown measures in Spain are strongly tailored to restrict leisure activities in public spaces. Entering already the sixth week of confinement, this poses multiple important questions that extend on our previous research on urban resilience.<\/p>\n<p>First of all and most generally, it is relevant to question whether there is a general underappreciation of particular nature values among decision-makers and the broader Spanish society compared to other European countries. This could constitute an important general barrier for the implementation of nature-based solutions and other greening strategies in cities (lacking trust people\u2019s responsible behaviour could be another explanation). Interestingly in this context, in Catalonia, the strict initial regulations have been rapidly softened for accessing vegetable gardens (<u><a href=\"https:\/\/www.sciencedirect.com\/science\/article\/pii\/S0169204617302141\" target=\"_blank\" rel=\"noopener noreferrer\">positively affecting<\/a><\/u> about <u><a href=\"https:\/\/www.lavanguardia.com\/vida\/20200405\/48326939191\/huertos-autoconsumo-confinamiento-coronavirus-sobirania-alimentaria.html\" target=\"_blank\" rel=\"noopener noreferrer\">10,000 gardeners<\/a><\/u> in the metropolitan area of Barcelona) once more showing the importance of gardens in moments of crises, while softening access to urban parks, e.g. for individual exercising as in other European countries, has hardly been in the discussion.<\/p>\n<p>Secondly, and maybe most discussed right now, at least in Barcelona, are potential <u><a href=\"https:\/\/www.bbc.com\/news\/world-europe-52308453\" target=\"_blank\" rel=\"noopener noreferrer\">negative physical and psychological health effects primarily on children<\/a><\/u> due to lacking outdoor recreation, also long term. Despite relatively <u><a href=\"https:\/\/www.sciencedirect.com\/science\/article\/pii\/S235246422030095X\" target=\"_blank\" rel=\"noopener noreferrer\">low scientific evidence<\/a><\/u> for the effectiveness of children\u2019s isolation, the Covid-19 restrictions in Spain are even more severe for children than for adults\u2014apart from a few exceptions children were not supposed to leave the house at all during six weeks (after strong public pressure relaxations in the regulation have been implemented from 26 April onward). Yet, potential negative health effects such as obesity and anxiety, which could be mitigated by access to urban nature, are not limited to children but affect adults similarly.<\/p>\n<p>Thirdly, and related to the previous points, the lockdown can be assumed to affect already vulnerable social groups unequally higher, and reproduce existing <u><a href=\"https:\/\/www.sciencedirect.com\/science\/article\/pii\/S1462901119306276\" target=\"_blank\" rel=\"noopener noreferrer\">environmental injustices<\/a><\/u>. Given that low income residents generally live in smaller apartments and are assumed to have less access to private green spaces, the privation of access to benefits from public green spaces is likely affecting low-income groups disproportionately stronger than more affluent citizens. At the Barcelona Lab for Urban Environmental Justice and Sustainability (<u><a href=\"http:\/\/www.bcnuej.org\/\" target=\"_blank\" rel=\"noopener noreferrer\">BCNUEJ<\/a><\/u>) we are currently investigating this unequal accessibility to greenery under lockdown conditions in relation to unequal health impacts through a <u><a href=\"https:\/\/forms.office.com\/Pages\/ResponsePage.aspx?id=KUxRa5EjMUi3dITzXEW_AViKaw2G54VNtL18Uhfuu-5UNjlRM1ZDVDFFREdFTUpWTlpVNFRZMFIwMi4u\" target=\"_blank\" rel=\"noopener noreferrer\">Spain-wide online survey<\/a><\/u>.<\/p>\n<p>Fourthly, the lockdown puts Barcelona\u2019s about 2700 ha rooftops in the spotlight of future urban resilience strategies, which have become an important gathering and recreational space for neighbours during the lockdown. In an extremely dense city like Barcelona (at least for European standards) unused rooftops bear an important transformative potential. This has more classically been discussed in the context of solar energy production, while more recently mitigating peoples\u2019 <u><a href=\"https:\/\/www.sciencedirect.com\/science\/article\/pii\/S0048969719354804\" target=\"_blank\" rel=\"noopener noreferrer\">needs for ecosystem services<\/a><\/u> through green roofs is gaining relevance in the debate. This debate must be reshaped considering multiple and potentially interacting drivers of change.<\/p>\n<p>Finally, the severe lockdown might indicate potential solutions for one of Barcelona\u2019s most pressing environmental issues before Covid-19: Air pollution. Which might even have increased the <u><a href=\"https:\/\/www.theguardian.com\/environment\/2020\/apr\/07\/air-pollution-linked-to-far-higher-covid-19-death-rates-study-finds?CMP=twt_gu&amp;utm_source=Twitter&amp;utm_medium#Echobox=1586278019\" target=\"_blank\" rel=\"noopener noreferrer\">lethal effects<\/a><\/u> of Covid-19. Regarding the Barcelona Public Health Agency, air pollution is causing <u><a href=\"https:\/\/www.aspb.cat\/arees\/salut-ambiental\/qualitat-de-laire\/\">over 350 premature deaths<\/a><\/u> each year in Barcelona (in comparison, the number of deaths by Covid-19 between 1 March and 10 April has been <u><a href=\"https:\/\/aspb.shinyapps.io\/COVID19_BCN\/\" target=\"_blank\" rel=\"noopener noreferrer\">estimated at 2,236<\/a><\/u>). For Barcelona, we observed that <u><a href=\"https:\/\/urbag.eu\/es-respira-un-aire-mes-net-a-barcelona\/\">air pollution has dropped by more than half<\/a><\/u>, compared to the same period in 2019, showing a much wider effect than the recently implemented low emission zone. In this context we are starting to question, to which extent we are capable of avoiding a return to the pre-Corona \u201cnormality\u201d, at least with regard to emission intensive transport.<\/p>\n<p><strong>New York by <u><a href=\"mailto:kennedyc@newschool.edu\">Chris Kennedy<\/a><\/u>, <u><a href=\"mailto:grabowsz@newschool.edu\">Zbigniew Grabowski<\/a><\/u> and <u><a href=\"mailto:timon.mcphearson@newschool.edu\">Timon McPhearson<\/a><\/u><\/strong><\/p>\n<p>New York City is unique among ENABLE cities in that under the weak federal system of the United States, significant responsibility for Covid-19 response falls to states and municipal governments. NYC current caseload (180k confirmed cases as of this writing), has labeled it as both the current <u><a href=\"https:\/\/www.cnn.com\/2020\/03\/26\/us\/new-york-coronavirus-explainer\/index.html\" target=\"_blank\" rel=\"noopener noreferrer\">&#8220;epicenter&#8221;<\/a><\/u> and the <u><a href=\"https:\/\/marroninstitute.nyu.edu\/papers\/coronavirus-and-the-cities\" target=\"_blank\" rel=\"noopener noreferrer\">&#8220;vanguard&#8221; <\/a><\/u>of the pandemic in the US.<\/p>\n<div class=\"img_clickwrapper\">\n<figure id=\"attachment_41320\" aria-describedby=\"caption-attachment-41320\" style=\"width: 796px\" class=\"wp-caption aligncenter\"><a href=\"https:\/\/www.thenatureofcities.com\/2020\/05\/04\/enabling-access-to-greenspace-during-the-covid-19-pandemic-perspectives-from-five-cities\/image009-22\/\" rel=\"attachment wp-att-41320\"><img loading=\"lazy\" decoding=\"async\" class=\"size-full zoooom wp-image-41320\" src=\"https:\/\/www.thenatureofcities.com\/TNOC\/wp-content\/uploads\/2020\/05\/image009.png\" alt=\"\" width=\"796\" height=\"499\" \/><\/a><figcaption id=\"caption-attachment-41320\" class=\"wp-caption-text\">Source: https:\/\/www.gstatic.com\/covid19\/mobility\/2020-03 29_US_New_York_Mobility_Report_en.pdf<\/figcaption><\/figure>\n<\/div>In order to rapidly learn how NYC\u2019s experience may inform response efforts elsewhere, the <u><a href=\"http:\/\/urbansystemslab.com\/covid19\" target=\"_blank\" rel=\"noopener noreferrer\">Urban Systems Lab at The New School<\/a><\/u> has been examining patterns of Covid-19 spread and relationships to multi-dimensional vulnerability. For instance, we have noted that the mobility restrictions put in place by NY State Governor Andrew Cuomo\u2019s Executive Order \u201cNY on PAUSE\u201d (Policies, Assure, Uniform, Safety, Everyone), reflected in the Google mobility data, appear confirmed by\u00a0 <u><a href=\"https:\/\/images.squarespace-cdn.com\/content\/v1\/552ec5f5e4b07754ed72c4d2\/1585927103894-HV2559YRC0QMNI7CTEP0\/ke17ZwdGBToddI8pDm48kCVjejPPIwvprH-X04wmJoMUqsxRUqqbr1mOJYKfIPR7LoDQ9mXPOjoJoqy81S2I8N_N4V1vUb5AoIIIbLZhVYxCRW4BPu10St3TBAUQYVKcfgOGWMAvAAbTyglV8RItKlMGvdBx8hBdZmpdj6uWIR1_9q877WTG6mmyAsDaTDZF\/timeseries.png?format=1500w\" target=\"_blank\" rel=\"noopener noreferrer\">transit<\/a><\/u>, <u><a href=\"https:\/\/images.squarespace-cdn.com\/content\/v1\/552ec5f5e4b07754ed72c4d2\/1585841873955-MZTS65S40XDV8ASN0BWY\/ke17ZwdGBToddI8pDm48kJA1uWhG5tvJWxJeUKemRrlZw-zPPgdn4jUwVcJE1ZvWQUxwkmyExglNqGp0IvTJZUJFbgE-7XRK3dMEBRBhUpzF_JriA1LGB0FheWpa2JgEhR4b48KugXeHO_X_zwveP8JCUZriuy-Vehhd6Ndmcpo\/tempvspeakload.png?format=1500w\" target=\"_blank\" rel=\"noopener noreferrer\">electricity use<\/a><\/u>, and <u><a href=\"https:\/\/images.squarespace-cdn.com\/content\/v1\/552ec5f5e4b07754ed72c4d2\/1587053965077-T8KVWT6VXY6V3KZX0RS1\/ke17ZwdGBToddI8pDm48kIbFw0ejUviwL0UBwKBxdBBZw-zPPgdn4jUwVcJE1ZvWQUxwkmyExglNqGp0IvTJZamWLI2zvYWH8K3-s_4yszcp2ryTI0HqTOaaUohrI8PI1mxjR_LGkqonueXtk442_MAROivYujHb5887elaKAyY\/Tweets%25+%281%29.png?format=1500w\" target=\"_blank\" rel=\"noopener noreferrer\">geo-coded tweets<\/a><\/u> across the city. The USL has also begun to aggregate additional mobility data from Twitter to examine covid responses.Given the magnitude of the difference in increased residential mobility and decreases across all other sectors, these data suggest that most public realm activity in the city is driven by non-residents now restricted to their home jurisdictions, which may be true across ENABLE cities. However, <u><a href=\"http:\/\/urbansystemslab.com\/covid19\" target=\"_blank\" rel=\"noopener noreferrer\">data on testing totals and confirmed cases also indicate that <\/a><\/u>social vulnerability to Covid infection and mortality may be driven by socio-economic and racial disparities, existing issues of environmental justice (e.g. air pollution), and workforce hierarchies. For example, the historically low transit ridership declines (87% down according to the <u><a href=\"http:\/\/web.mta.info\/developers\/turnstile.html\" target=\"_blank\" rel=\"noopener noreferrer\">MTA<\/a><\/u>), are not uniform across the 5 New York City boroughs, highlighting <u><a href=\"https:\/\/www.nytimes.com\/2020\/03\/30\/nyregion\/coronavirus-mta-subway-riders.html\" target=\"_blank\" rel=\"noopener noreferrer\">equity, access, and socio-economic issues<\/a><\/u>. In low-income neighborhoods ridership is more consistent with data from this time last year, with reports of overcrowding as service is disrupted.<\/p>\n<p>There is also strong reason to suspect that the mobility data also do not accurately reflect the uses of parks by local residents, who have observed local parks becoming much more crowded than usual. NYC being a dense megacity (population density averaging ~2800 residents per sq km), with a relatively <u><a href=\"http:\/\/senseable.mit.edu\/treepedia\/\" target=\"_blank\" rel=\"noopener noreferrer\">low greenview index<\/a><\/u>, private and <u><a href=\"http:\/\/urbansystemslab.com\/s\/gittleman-et-al-2016_ue.pdf\" target=\"_blank\" rel=\"noopener noreferrer\">community<\/a><\/u> green spaces providing numerous ecosystem services, were already highly sought after, and the city&#8217;s extensive green roof programs may become increasingly important. Additionally, ongoing efforts to make more of the streetscape useful for pedestrian, bicycle transit, while managing stormwater and <u><a href=\"https:\/\/doi.org\/10.1016\/j.scitotenv.2020.138182\" target=\"_blank\" rel=\"noopener noreferrer\">heat hazards at a finer scale,<\/a><\/u> may also gain in importance, although existing USL research (in preparation) shows that planning remains fragmented in these domains. For example, the city\u2019s nascent attempt at a <u><a href=\"https:\/\/www1.nyc.gov\/html\/dot\/downloads\/pdf\/bike-safety-plan.pdf\" target=\"_blank\" rel=\"noopener noreferrer\">city wide bicycle network <\/a><\/u>\u00a0could be expanded to integrate nature-based solutions and green infrastructure. Aside from NYC being an international and regional destination, much work remains to be done on how extending NY on PAUSE will affect the vulnerability of residents to the oncoming extreme heat and flooding season.<\/p>\n<p><strong>Oslo by <u><a href=\"mailto:david.barton@nina.no\">David N. Barton<\/a><\/u>,\u00a0 <u><a href=\"mailto:NorunHjertager.Krog@fhi.no\">Norun Hjertager Krog<\/a><\/u> , <u><a href=\"mailto:%20zander.venter@nina.no\">Zander Venter<\/a><\/u> , <u><a href=\"mailto:Vegard.Gundersen@nina.no\">Vegard Gundersen<\/a><\/u><\/strong><\/p>\n<div class=\"img_clickwrapper\">\n<figure id=\"attachment_41321\" aria-describedby=\"caption-attachment-41321\" style=\"width: 805px\" class=\"wp-caption aligncenter\"><a href=\"https:\/\/www.thenatureofcities.com\/2020\/05\/04\/enabling-access-to-greenspace-during-the-covid-19-pandemic-perspectives-from-five-cities\/image011-14\/\" rel=\"attachment wp-att-41321\"><img loading=\"lazy\" decoding=\"async\" class=\"size-full zoooom wp-image-41321\" src=\"https:\/\/www.thenatureofcities.com\/TNOC\/wp-content\/uploads\/2020\/05\/image011.png\" alt=\"\" width=\"805\" height=\"474\" \/><\/a><figcaption id=\"caption-attachment-41321\" class=\"wp-caption-text\">Source: <a href=\"https:\/\/www.gstatic.com\/covid19\/mobility\/2020-03-29_NO_Mobility_Report_en.pdf\" target=\"_blank\" rel=\"noopener noreferrer\">https:\/\/www.gstatic.com\/covid19\/mobility\/2020-03-29_NO_Mobility_Report_en.pdf<\/a><\/figcaption><\/figure>\n<\/div>\n<p>Oslo\u2019s Covid-19 mobility to non-essential workplaces decreased by 45% in March and\u00a0 increased residential mobility by 14%. Outdoor recreation was advised within one\u2019s municipality in Norway, following social distancing advisories. We wonder whether physical exercise has been more spatially distributed during the period of mobility restrictions. Oslo is surrounded by continuous boreal forest cover with public right of access. Data from automatic counters indicate that people use new entrance areas and are dispersed over large forest areas on marked and unmarked paths. Oslo has plenty of room for recreation in the city&#8217;s peri-urban forests. However, with the advisory against public transport, those who live in the city center without a car must use urban parks and open spaces for recreation. While there is a small reduction in use of parks (-7%) since February as a whole, there was a large increase in park use following the shock of the March 12th announcement. Oslo\u2019s citizens may have compensated for mobility restrictions by increasing outdoor recreation in parks, streets and forests close to home. The density of vegetation in streets may also be an incentive to exercise close to home.<\/p>\n<p>Unfortunately, the Google community mobility data does not identify mobility in streets and undesignated greenspaces such as Oslo\u2019s peri-urban continuous forest cover, the Marka forest.\u00a0 Neighbourhood green spaces accessibility, size and quality, as well as <u><a href=\"https:\/\/brage.nina.no\/nina-xmlui\/handle\/11250\/2598874\" target=\"_blank\" rel=\"noopener noreferrer\">tree density<\/a><\/u>\u00a0 in general have shown to have positive impacts on <u><a href=\"https:\/\/pubmed.ncbi.nlm.nih.gov\/28976295\/\" target=\"_blank\" rel=\"noopener noreferrer\">mental<\/a><\/u> and physical <u><a href=\"https:\/\/www.nature.com\/articles\/srep11610\" target=\"_blank\" rel=\"noopener noreferrer\">health<\/a><\/u>.\u00a0 Street level <u><a href=\"http:\/\/senseable.mit.edu\/treepedia\/\" target=\"_blank\" rel=\"noopener noreferrer\">greenviews<\/a><\/u> in Oslo are high compared to other capital cities, and green spaces are relatively equally distributed across the city, although some <u><a href=\"https:\/\/ehp.niehs.nih.gov\/doi\/10.1289\/EHP2862\" target=\"_blank\" rel=\"noopener noreferrer\">differences in exposure<\/a><\/u> to green and other environmental quality still exist.<\/p>\n<p>The importance of residential tree canopy may literally grow if a pandemic lockdown occurs during a heatwave.\u00a0 In Oslo each tree canopy reduced average excess <u><a href=\"https:\/\/www.sciencedirect.com\/science\/article\/pii\/S0048969719361893\" target=\"_blank\" rel=\"noopener noreferrer\">heat exposure to the elderly<\/a><\/u> by one day during the heatwaves of 2018.\u00a0 We speculate that urban tree canopy\u2019s importance for public health and urban resilience can only increase, with Oslo\u2019s summer temperatures in <u><a href=\"https:\/\/journals.plos.org\/plosone\/article?id=10.1371\/journal.pone.0217592\" target=\"_blank\" rel=\"noopener noreferrer\">2050<\/a><\/u> expected to be over 5 degrees warmer. Ease of access to cool, large, low recreation density areas in the <u><a href=\"https:\/\/www.sciencedirect.com\/science\/article\/pii\/S1618866715000072?via%3Dihub\" target=\"_blank\" rel=\"noopener noreferrer\">Marka peri-urban forest<\/a><\/u> and <u><a href=\"https:\/\/niva.brage.unit.no\/niva-xmlui\/handle\/11250\/2627097\" target=\"_blank\" rel=\"noopener noreferrer\">Oslofjord<\/a><\/u> should increase the <u><a href=\"http:\/\/www.openness-project.eu\/sites\/default\/files\/NINA%20Report%201114%20-%20%20Ecosystem%20service%20valuation%20Oslo%20pilot_final_web.pdf\" target=\"_blank\" rel=\"noopener noreferrer\">value<\/a><\/u> of <u><a href=\"https:\/\/www.sciencedirect.com\/science\/article\/pii\/S092180091200362X\" target=\"_blank\" rel=\"noopener noreferrer\">urban ecosystem services<\/a><\/u> in futures with climate change and pandemics. These peri-urban areas may also serve a spectrum of different opportunities for activities and nature experiences for the urban populations, as they include an environmental gradient from intensively managed service areas towards untouched wilderness areas within short distances. This means that people do not need to travel far near Oslo to achieve experiences such as silence and solitude.<\/p>\n<p>Despite authorities assurances of food security, the announcement of Covid-19 restrictions 12 March saw an approximate 50% spike in grocery &amp; pharmacy visits in Oslo. Although this brief hoarding was probably focused on non-perishables, we wonder whether this behaviour will be lower in cities with better access to <u><a href=\"https:\/\/nabolagshager.no\/\" target=\"_blank\" rel=\"noopener noreferrer\">urban gardening<\/a><\/u> and local agriculture.<\/p>\n<p>The next Google mobility report will cover the period including Easter. Easter is traditionally a time for outdoor activities in Norway, mainly skiing activities in the mountains. Many people go to their cabins, but since this was prohibited, we expect the use of urban greenspace will show an increase\u00a0 in mobility\u2014at least to the extent that people have adhered to the advice from the Government to walk from home, and avoid crowded car parking spaces and public transport. Local newspaper reports also indicated that the peri-urban Marka forest was extensively used during Easter, perhaps covering similar recreational needs of outdoor life as going to the cabin, while also offering more space for social distancing than the city streets and parks. Oslo\u2019s peri-urban forests provide for resilient outdoor life during the pandemic, complemented by local access to parks and high quality urban spaces with street trees.<\/p>\n<p><strong>Stockholm by <u><a href=\"mailto:erik.andersson@su.se\">Erik Andersson<\/a><\/u><\/strong><\/p>\n<div class=\"img_clickwrapper\">\n<figure id=\"attachment_41322\" aria-describedby=\"caption-attachment-41322\" style=\"width: 800px\" class=\"wp-caption aligncenter\"><a href=\"https:\/\/www.thenatureofcities.com\/2020\/05\/04\/enabling-access-to-greenspace-during-the-covid-19-pandemic-perspectives-from-five-cities\/image013-7\/\" rel=\"attachment wp-att-41322\"><img loading=\"lazy\" decoding=\"async\" class=\"size-full zoooom wp-image-41322\" src=\"https:\/\/www.thenatureofcities.com\/TNOC\/wp-content\/uploads\/2020\/05\/image013.png\" alt=\"\" width=\"800\" height=\"473\" \/><\/a><figcaption id=\"caption-attachment-41322\" class=\"wp-caption-text\">Source: <a href=\"https:\/\/www.gstatic.com\/covid19\/mobility\/2020-03-29_SE_Mobility_Report_en.pdf\" target=\"_blank\" rel=\"noopener noreferrer\">https:\/\/www.gstatic.com\/covid19\/mobility\/2020-03-29_SE_Mobility_Report_en.pdf<\/a><\/figcaption><\/figure>\n<\/div>Stockholm residents have compensated for mobility restrictions, and restricted access to urban services like gyms, museums, concerts, sports events etc. by increased outdoor recreation in parks, streets and perhaps especially forests close to home. Similarly to Oslo,\u00a0 density of vegetation in streets may also be an incentive to exercise close to home. Stockholm has over the last few years rolled out a system of outdoor gyms to increase the multifunctionality of the city\u2019s green spaces, and these have seen increasingly heavy use. Unfortunately, the Google community mobility data does not identify mobility in streets and undesignated greenspaces such as Tyresta national park, nature reserves and remnant green spaces embedded in Stockholm\u2019s green wedges\u2014only a smaller portion of these are designated as &#8220;parks&#8221;. Stockholm has ample access to water, and as we move into spring\/summer this will open up additional opportunities for being out while keeping a distance from other people. Neighbourhood green spaces and <u><a href=\"https:\/\/stadstrad.se\/trees\/796949763?lng=18.00007&amp;lat=59.36006&amp;zoom=13\" target=\"_blank\" rel=\"noopener noreferrer\">tree density<\/a><\/u>\u00a0 are shown to have positive impacts on mental and physical health.\u00a0 Street level greenviews in Stockholm are high compared to other capital cities, and green spaces are relatively equally distributed across the city, although some differences in \u2018direct\u2019 exposure to green and other environmental quality exist.<\/p>\n<p>Ease of access to cool, large, low recreation density areas in the green wedges, nature reserves and national parks, together with the archipelago and lake M\u00e4laren should increase the value of urban ecosystem services in futures with climate change and pandemics. The importance of residential tree canopy will also grow in Stockholm if a pandemic lockdown occurs during a heatwave. Soft restrictions and social responsibility, together with a generally high availability of larger open spaces have made it easier for Stockholmers\u2019 to shift activities and time to open space rather than the more built up parts of the city. However, restrictions for the use of public transportation means that the larger scale regional system of open spaces is primarily available for people with their own cars, skewing the distribution of opportunity across the population.<\/p>\n<p><strong>This is not the end<\/strong><\/p>\n<p>We hope the Google mobility data will soon show access to urban greenspaces increasing everywhere as restrictions are lifted, coinciding with the green views of spring. While we hope the pandemic and its suffering soon will pass, preserving, restoring and understanding the importance of greenspace for future urban resilience must continue with renewed force.<\/p>\n<p><strong>David Barton<sup>1<\/sup>, Dagmar Haase<sup>2<\/sup>,\u00a0Andre Mascarenhas<sup>2<\/sup>,\u00a0Johannes Langemeyer<sup>3<\/sup>,\u00a0Francesc Bar\u00f3<sup>3<\/sup>,\u00a0Christopher Kennedy<sup>4<\/sup>,\u00a0Zbigniew Grabowski<sup>4<\/sup>,\u00a0Timon McPhearson<sup>4<\/sup>,\u00a0Norum Hjertager Krog<sup>1<\/sup>,\u00a0Zander Venter<sup>1<\/sup>, VegardGundersen<sup>1<\/sup>, Erik Andersson<sup>5<\/sup><\/strong><br \/>\n1\u2014Oslo, 2\u2014Berlin, 3\u2014Barcelona, 4\u2014New York, 5\u2014Stockholm<\/p>\n<p>On <a href=\"https:\/\/www.thenatureofcities.com\" target=\"_blank\" rel=\"noopener noreferrer\">The Nature of Cities<\/a><\/p>\n<div class=\"addon_bios\">\n    <div class=\"wp-biographia-container-around\">\n        <div class=\"wp-biographia-pic\"><img alt='Dagmar Haase' src='https:\/\/www.thenatureofcities.com\/TNOC\/wp-content\/uploads\/2025\/12\/Dagmar-2025-125x125.jpg' srcset=\"https:\/\/www.thenatureofcities.com\/TNOC\/wp-content\/uploads\/2025\/12\/Dagmar-2025-250x250.jpg 2x\" class='avatar avatar-125 photo wp-biographia-avatar' height='125' width='125' \/><\/div>\n        <div class=\"wp-biographia-text\">\n            <h3>about the writer<br>\n                <a href=\"https:\/\/www.thenatureofcities.com\/TNOC\/author\/dagmarhaase\/\">Dagmar Haase<\/a>\n            <\/h3>\n            <p>Dagmar Haase is a professor of urban ecology at Humboldt University in Berlin. She is a guest scientist at the Helmholtz Centre for Environmental Research (UFZ) in Leipzig. She specializes in urban systems analysis. Together with her team, she investigates ecosystem services, green infrastructure, and nature-based solutions in cities.<\/p>\n        <\/div>\n    <\/div>\n    \n    <div class=\"wp-biographia-container-around\">\n        <div class=\"wp-biographia-pic\"><img alt='Andr\u00e9 Mascarenhas' src='https:\/\/www.thenatureofcities.com\/TNOC\/wp-content\/uploads\/2020\/05\/Mascarenhas-Headshot-scaled-125x125.webp' srcset=\"https:\/\/www.thenatureofcities.com\/TNOC\/wp-content\/uploads\/2020\/05\/Mascarenhas-Headshot-scaled-250x250.webp 2x\" class='avatar avatar-125 photo wp-biographia-avatar' height='125' width='125' \/><\/div>\n        <div class=\"wp-biographia-text\">\n            <h3>about the writer<br>\n                <a href=\"https:\/\/www.thenatureofcities.com\/TNOC\/author\/andremascarenhas\/\">Andr\u00e9 Mascarenhas<\/a>\n            <\/h3>\n            <p>Andr\u00e9 Mascarenhas is a Post-Doc researcher at the Lab of Landscape Ecology, Humboldt-Universit\u00e4t zu Berlin, and the Museum f\u00fcr Naturkunde Berlin, Germany. He is interested in human-nature interactions, especially regarding the links between biodiversity, ecosystem services and spatial planning in urban environments, under a sustainability science lens.<\/p>\n        <\/div>\n    <\/div>\n    \n    <div class=\"wp-biographia-container-around\">\n        <div class=\"wp-biographia-pic\"><img alt='Johannes Langemeyer' src='https:\/\/www.thenatureofcities.com\/TNOC\/wp-content\/uploads\/2020\/05\/johannes_langemeyer_headshot-125x125.webp' srcset=\"https:\/\/www.thenatureofcities.com\/TNOC\/wp-content\/uploads\/2020\/05\/johannes_langemeyer_headshot-250x250.webp 2x\" class='avatar avatar-125 photo wp-biographia-avatar' height='125' width='125' \/><\/div>\n        <div class=\"wp-biographia-text\">\n            <h3>about the writer<br>\n                <a href=\"https:\/\/www.thenatureofcities.com\/TNOC\/author\/johanneslangemeyer\/\">Johannes Langemeyer<\/a>\n            <\/h3>\n            <p>Johannes Langemeyer is a senior researcher at the Institute of Environmental Science and Technology at the Universitat Aut\u00f2noma de Barcelona, Spain. He is trained as a geographer and environmental scientist. His interdisciplinary research focuses on urban social-ecological systems, at the interface of ecosystem services, resilience, and justice.<\/p>\n        <\/div>\n    <\/div>\n    \n    <div class=\"wp-biographia-container-around\">\n        <div class=\"wp-biographia-pic\"><img alt='Francesc Bar\u00f3' src='https:\/\/www.thenatureofcities.com\/TNOC\/wp-content\/uploads\/2025\/07\/202404_DUT_D1__420-Copy_enhanced-scaled-125x125.jpg' srcset=\"https:\/\/www.thenatureofcities.com\/TNOC\/wp-content\/uploads\/2025\/07\/202404_DUT_D1__420-Copy_enhanced-scaled-250x250.jpg 2x\" class='avatar avatar-125 photo wp-biographia-avatar' height='125' width='125' \/><\/div>\n        <div class=\"wp-biographia-text\">\n            <h3>about the writer<br>\n                <a href=\"https:\/\/www.thenatureofcities.com\/TNOC\/author\/francescbaro\/\">Francesc Bar\u00f3<\/a>\n            <\/h3>\n            <p>Francesc Bar\u00f3 is an Asst. Professor and Director of a research lab at Vrije Universiteit Brussel (VUB), specializing in urban ecology, environmental justice, and nature-based solutions. With a PhD in Environmental Science and Technology, his work advances interdisciplinary environmental science through research on urban ecosystem services and green infrastructure.<\/p>\n        <\/div>\n    <\/div>\n    \n    <div class=\"wp-biographia-container-around\">\n        <div class=\"wp-biographia-pic\"><img alt='Christopher Kennedy' src='https:\/\/www.thenatureofcities.com\/TNOC\/wp-content\/uploads\/2020\/05\/Kennedy-head-shot2-125x125.webp' srcset=\"https:\/\/www.thenatureofcities.com\/TNOC\/wp-content\/uploads\/2020\/05\/Kennedy-head-shot2-250x250.webp 2x\" class='avatar avatar-125 photo wp-biographia-avatar' height='125' width='125' \/><\/div>\n        <div class=\"wp-biographia-text\">\n            <h3>about the writer<br>\n                <a href=\"https:\/\/www.thenatureofcities.com\/TNOC\/author\/christopherkennedy\/\">Christopher Kennedy<\/a>\n            <\/h3>\n            <p>Christopher Kennedy is the associate director at the Urban Systems Lab (The New School) and lecturer in the Parsons School of Design. Kennedy\u2019s research focuses on understanding the socio-ecological benefits of spontaneous urban plant communities in NYC, and the role of civic engagement in developing new approaches to environmental stewardship and nature-based resilience.<\/p>\n        <\/div>\n    <\/div>\n    \n    <div class=\"wp-biographia-container-around\">\n        <div class=\"wp-biographia-pic\"><img alt='Zbigniew Grabowski' src='https:\/\/www.thenatureofcities.com\/TNOC\/wp-content\/uploads\/2020\/05\/Grabowski-headshot-125x125.webp' srcset=\"https:\/\/www.thenatureofcities.com\/TNOC\/wp-content\/uploads\/2020\/05\/Grabowski-headshot-250x250.webp 2x\" class='avatar avatar-125 photo wp-biographia-avatar' height='125' width='125' \/><\/div>\n        <div class=\"wp-biographia-text\">\n            <h3>about the writer<br>\n                <a href=\"https:\/\/www.thenatureofcities.com\/TNOC\/author\/zbigniewgrabowski\/\">Zbigniew Grabowski<\/a>\n            <\/h3>\n            <p>Dr. Zbigniew J. Grabowski (Z or Zbig for short) is an Extension Educator in Water Quality at UConn\u2019s Center for Land-use Education and Research (CLEAR). Z\u2019s primary work is to support just transformations of land systems. His work focuses on green infrastructure, just transitions, and systems approaches to address intersecting social and environmental challenges.<\/p>\n        <\/div>\n    <\/div>\n    \n    <div class=\"wp-biographia-container-around\">\n        <div class=\"wp-biographia-pic\"><img alt='Timon McPhearson' src='https:\/\/www.thenatureofcities.com\/TNOC\/wp-content\/uploads\/2020\/10\/Timon-headshot-scaled-125x125.webp' srcset=\"https:\/\/www.thenatureofcities.com\/TNOC\/wp-content\/uploads\/2020\/10\/Timon-headshot-scaled-250x250.webp 2x\" class='avatar avatar-125 photo wp-biographia-avatar' height='125' width='125' \/><\/div>\n        <div class=\"wp-biographia-text\">\n            <h3>about the writer<br>\n                <a href=\"https:\/\/www.thenatureofcities.com\/TNOC\/author\/timonmcphearson\/\">Timon McPhearson<\/a>\n            <\/h3>\n            <p>Dr. Timon McPhearson works with designers, planners, and local government to foster sustainable, resilient and just cities. He is Associate Professor of Urban Ecology and Director of the <a href=\"http:\/\/urbansystemslab.com\">Urban Systems Lab<\/a> at The New School and Research Fellow at the Cary Institute of Ecosystem Studies and Stockholm Resilience Centre.<\/p>\n        <\/div>\n    <\/div>\n    \n    <div class=\"wp-biographia-container-around\">\n        <div class=\"wp-biographia-pic\"><img alt='Norun Hjertager Krog' src='https:\/\/www.thenatureofcities.com\/TNOC\/wp-content\/uploads\/2020\/05\/Norun-Hjertager-Krog_headshot-125x125.webp' srcset=\"https:\/\/www.thenatureofcities.com\/TNOC\/wp-content\/uploads\/2020\/05\/Norun-Hjertager-Krog_headshot-250x250.webp 2x\" class='avatar avatar-125 photo wp-biographia-avatar' height='125' width='125' \/><\/div>\n        <div class=\"wp-biographia-text\">\n            <h3>about the writer<br>\n                <a href=\"https:\/\/www.thenatureofcities.com\/TNOC\/author\/norunhjertagerkrog\/\">Norun Hjertager Krog<\/a>\n            <\/h3>\n            <p>Norun Hjertager Krog, PhD, is a Senior Scientist at the Norwegian Institute of Public Health in Oslo, Norway. She is a sociologist and environmental epidemiologist, with research on associations between urban environment and health, including green space and built environment, but also noise, air pollution, climate and socioeconomic factors. <\/p>\n        <\/div>\n    <\/div>\n    \n    <div class=\"wp-biographia-container-around\">\n        <div class=\"wp-biographia-pic\"><img alt='Zander Venter' src='https:\/\/www.thenatureofcities.com\/TNOC\/wp-content\/uploads\/2020\/05\/zander_head_shot-125x125.jpg' srcset=\"https:\/\/www.thenatureofcities.com\/TNOC\/wp-content\/uploads\/2020\/05\/zander_head_shot-250x250.jpg 2x\" class='avatar avatar-125 photo wp-biographia-avatar' height='125' width='125' \/><\/div>\n        <div class=\"wp-biographia-text\">\n            <h3>about the writer<br>\n                <a href=\"https:\/\/www.thenatureofcities.com\/TNOC\/author\/zanderventer\/\">Zander Venter<\/a>\n            <\/h3>\n            <p>Zander is a spatial ecologist based at the Norwegian Institute for Nature Research in Oslo, Norway. His interests lie in finding creative ways to monitor and visualize urban ecosystem services. His recent research has focussed on the relation between urban green infrastructure, climate mitigation and public health benefits.<\/p>\n        <\/div>\n    <\/div>\n    \n    <div class=\"wp-biographia-container-around\">\n        <div class=\"wp-biographia-pic\"><img alt='Vegard Gundersen' src='https:\/\/www.thenatureofcities.com\/TNOC\/wp-content\/uploads\/2020\/05\/Headshot-Vegard-Gundersen-scaled-125x125.webp' srcset=\"https:\/\/www.thenatureofcities.com\/TNOC\/wp-content\/uploads\/2020\/05\/Headshot-Vegard-Gundersen-scaled-250x250.webp 2x\" class='avatar avatar-125 photo wp-biographia-avatar' height='125' width='125' \/><\/div>\n        <div class=\"wp-biographia-text\">\n            <h3>about the writer<br>\n                <a href=\"https:\/\/www.thenatureofcities.com\/TNOC\/author\/vegardgundersen\/\">Vegard Gundersen<\/a>\n            <\/h3>\n            <p>Vegard Gundersen, NINA, has long research experience both within social and ecological fields, currently focusing mostly on visitor monitoring methods, nature conservation and management implications of human use of mountain areas. He is trained as forester, did a PhD in urban forestry in 2005, and much of his research is about people\u2019s perception of forest environment, and adaptations of silviculture and management methods for urban woodlands.<\/p>\n        <\/div>\n    <\/div>\n    \n    <div class=\"wp-biographia-container-around\">\n        <div class=\"wp-biographia-pic\"><img alt='Erik Andersson' src='http:\/\/www.thenatureofcities.com\/TNOC\/wp-content\/uploads\/2016\/11\/Erik-Andersson_avatar_1478359495.JPG' srcset=\"https:\/\/www.thenatureofcities.com\/TNOC\/wp-content\/uploads\/2016\/11\/Erik-Andersson_avatar_1478359495.JPG 2x\" class='avatar avatar-125 photo wp-biographia-avatar' height='125' width='125' \/><\/div>\n        <div class=\"wp-biographia-text\">\n            <h3>about the writer<br>\n                <a href=\"https:\/\/www.thenatureofcities.com\/TNOC\/author\/erikandersson\/\">Erik Andersson<\/a>\n            <\/h3>\n            <p>Erik Andersson works as associate professor in sustainability science at the Stockholm Resilience Centre.<\/p>\n        <\/div>\n    <\/div>\n    \n<\/div>\n","protected":false},"excerpt":{"rendered":"<p>There is now plenty of evidence on the benefits of local access to greenspace and greenviews on physical health and mental well-being. Lockdowns and social distancing advisories have placed restrictions on citizen normal access to public spaces.\u00a0Google community mobility statistics from February-March revealed varied patterns of reaction to Covid-19 in cities where we work.\u00a0While residential [&hellip;]<\/p>\n","protected":false},"author":838,"featured_media":41316,"comment_status":"open","ping_status":"open","sticky":false,"template":"","format":"standard","meta":{"footnotes":""},"categories":[273,938,297],"tags":[104,1107,448,91,25,84,23,66,33,53,90,41],"coauthors":[1121,856,1122,1123,1096,1124,1125,180,1126,1127,1128,789],"class_list":["post-41314","post","type-post","status-publish","format-standard","has-post-thumbnail","hentry","category-essay","category-europe","category-essay-science-and-tools","tag-climate-change","tag-covid-19","tag-disastersred-zone","tag-economics","tag-europe","tag-livability","tag-north-america","tag-parks","tag-resilience","tag-stewardship","tag-sustainability","tag-tools"],"_links":{"self":[{"href":"https:\/\/www.thenatureofcities.com\/TNOC\/wp-json\/wp\/v2\/posts\/41314","targetHints":{"allow":["GET"]}}],"collection":[{"href":"https:\/\/www.thenatureofcities.com\/TNOC\/wp-json\/wp\/v2\/posts"}],"about":[{"href":"https:\/\/www.thenatureofcities.com\/TNOC\/wp-json\/wp\/v2\/types\/post"}],"author":[{"embeddable":true,"href":"https:\/\/www.thenatureofcities.com\/TNOC\/wp-json\/wp\/v2\/users\/838"}],"replies":[{"embeddable":true,"href":"https:\/\/www.thenatureofcities.com\/TNOC\/wp-json\/wp\/v2\/comments?post=41314"}],"version-history":[{"count":0,"href":"https:\/\/www.thenatureofcities.com\/TNOC\/wp-json\/wp\/v2\/posts\/41314\/revisions"}],"wp:featuredmedia":[{"embeddable":true,"href":"https:\/\/www.thenatureofcities.com\/TNOC\/wp-json\/wp\/v2\/media\/41316"}],"wp:attachment":[{"href":"https:\/\/www.thenatureofcities.com\/TNOC\/wp-json\/wp\/v2\/media?parent=41314"}],"wp:term":[{"taxonomy":"category","embeddable":true,"href":"https:\/\/www.thenatureofcities.com\/TNOC\/wp-json\/wp\/v2\/categories?post=41314"},{"taxonomy":"post_tag","embeddable":true,"href":"https:\/\/www.thenatureofcities.com\/TNOC\/wp-json\/wp\/v2\/tags?post=41314"},{"taxonomy":"author","embeddable":true,"href":"https:\/\/www.thenatureofcities.com\/TNOC\/wp-json\/wp\/v2\/coauthors?post=41314"}],"curies":[{"name":"wp","href":"https:\/\/api.w.org\/{rel}","templated":true}]}}