{"id":46758,"date":"2021-06-07T17:19:58","date_gmt":"2021-06-07T21:19:58","guid":{"rendered":"https:\/\/www.thenatureofcities.com\/?p=46758"},"modified":"2025-06-27T12:52:04","modified_gmt":"2025-06-27T16:52:04","slug":"beyond-equity-what-does-an-anti-racist-urban-ecology-look-like","status":"publish","type":"post","link":"https:\/\/www.thenatureofcities.com\/TNOC\/2021\/06\/07\/beyond-equity-what-does-an-anti-racist-urban-ecology-look-like\/","title":{"rendered":"Beyond equity: What does an anti-racist urban ecology look like?"},"content":{"rendered":"<div class=\"roundtable_authors\"><h3 style=\"width:100%;\">Authors in This Roundtable<\/h3>\n<div class=\"roundtable_contributor\"><a href=\"#Julian\">Julian Agyeman, Medford<\/a> <span class=\"answer_excerpt\">Two fundamental \u201crecognitions\u201d before we can move forward: (1) we must recognize and acknowledge, openly, that in the U.S., we are on stolen land; (2) Second, we must recognize and acknowledge, openly, that in the U.S., urban planning is the spatial toolkit for articulating, implementing, and maintaining White Supremacy.<\/span>\n<\/div>\n<div class=\"roundtable_contributor\"><a href=\"#Isabelle\">Isabelle Anguelovski, Barcelona<\/a> <span class=\"answer_excerpt\">Decolonizing green city planning would involve prioritizing land recognition, redistribution, control, and reparations and developing new land arrangements as necessary to an environmentally just landscape.<\/span>\n<\/div>\n<div class=\"roundtable_contributor\"><a href=\"#Isabelle\">Anna Livia Brand, Berkeley<\/a> <span class=\"answer_excerpt\">Decolonizing green city planning would involve prioritizing land recognition, redistribution, control, and reparations and developing new land arrangements as necessary to an environmentally just landscape.<\/span>\n<\/div>\n<div class=\"roundtable_contributor\"><a href=\"#Jean-Marie\">Jean-Marie Cishahayo, Ottawa<\/a> <span class=\"answer_excerpt\">Les dimensions spatiales, sociales et \u00e9conomiques de l&#8217;inclusion urbaine sont \u00e9troitement li\u00e9es et ont tendance \u00e0 se renforcer mutuellement. Sur un chemin n\u00e9gatif, ces facteurs interagissent pour pi\u00e9ger les gens dans la pauvret\u00e9 et la marginalisation. En sens inverse, ils peuvent sortir les gens de l&#8217;exclusion et am\u00e9liorer leur vie.<\/span>\n<\/div>\n<div class=\"roundtable_contributor\"><a href=\"#Jean-Marie\">Jean-Marie Cishahayo, Ottawa<\/a> <span class=\"answer_excerpt\">The spatial, social, and economic dimensions of urban inclusion are tightly intertwined and tend to reinforce each other. On a negative path, these factors interact to trap people into poverty and marginalization. Working in the opposite direction, they can lift people out of exclusion and improve lives.<\/span>\n<\/div>\n<div class=\"roundtable_contributor\"><a href=\"#CJ\">CJ Goulding, Teaneck<\/a> <span class=\"answer_excerpt\">While we recognize what needs to be done, it will not be easy, and we will face pushback and resistance from those who would like to see things remain as they have been.<\/span>\n<\/div>\n<div class=\"roundtable_contributor\"><a href=\"#Morgan\">Morgan Grove, Baltimore<\/a> <span class=\"answer_excerpt\">An \u201canti-\u201d urban ecology is more than social interactions and ecological thinking. An \u201canti-\u201c urban ecology is to understand and act upon how these institutionalized systems alter the ecologies and interactions of species, populations, communities, landscapes, and ecosystems at local, regional, and global scales.<\/span>\n<\/div>\n<div class=\"roundtable_contributor\"><a href=\"#Isabelle\">Derek Hyra, Washington<\/a> <span class=\"answer_excerpt\">Decolonizing green city planning would involve prioritizing land recognition, redistribution, control, and reparations and developing new land arrangements as necessary to an environmentally just landscape.<\/span>\n<\/div>\n<div class=\"roundtable_contributor\"><a href=\"#Laura\">Laura Landau, New York<\/a> <span class=\"answer_excerpt\">Real transformation only happens when we examine issues of ownership and control in order to radically redistribute power. The good news is that many environmental groups are already showing us how to take these steps.<\/span>\n<\/div>\n<div class=\"roundtable_contributor\"><a href=\"#Maria\">Mar\u00eda Mej\u00eda, Bogot\u00e1<\/a> <span class=\"answer_excerpt\">Cali\u2019s urban natures mirror deep wounds of racism and colonialism. Its urban development in the 20<sup>th<\/sup> Century was embedded in historical dynamics of labor exploitation and the trade of goods and commodities. The historical concentration of land by elites made of Cali a highly segregated city: it was a radicalization of space.<\/span>\n<\/div>\n<div class=\"roundtable_contributor\"><a href=\"#Polly\">Polly Moseley, Liverpool<\/a> <span class=\"answer_excerpt\">Solidarity and justice are meaningful to the struggles which the people of Liverpool have felt as a city. Where we have sown wildflowers on public land threatened with building projects the wildflowers have been particularly welcomed by local activist groups and residents; we find more homegrown social innovation and receptiveness to change in these spaces.<\/span>\n<\/div>\n<div class=\"roundtable_contributor\"><a href=\"#Amanda\">Amanda K. Phillips de Lucas, Baltimore<\/a> <span class=\"answer_excerpt\">As we plot out the path towards the anti-racist city, we must simultaneously amend the practices and procedures that have burdened others. We must begin to see the tools of our professions as enmeshed within multiple systems and structures. What we understand as a best practice may also result in the worst possible outcome for a community.<\/span>\n<\/div>\n<div class=\"roundtable_contributor\"><a href=\"#Steward\">Steward T.A. Pickett, Poughkeepsie<\/a> <span class=\"answer_excerpt\">Critical race theory has suggested sequential steps that urban ecology must use to contribute to just and equitable cities, towns, and regions: (1) Awareness of how racism shapes places; (2) Acknowledgement that racism evolves; (3) Inclusion of marginalized communities in research; (4) Embedding of anti-racist praxis in core philosophies. <\/span>\n<\/div>\n<div class=\"roundtable_contributor\"><a href=\"#Charles\">Charles Pompeh, Accra<\/a> <span class=\"answer_excerpt\">There is a complex inter-mesh of racism, socio-political, and economic injustice that accounts for environmental degradation in Africa, all with colonial origins. Lands in Africa became the property of Europeans, with Africans enduring all forms of brutality. It must now be de-colonized.<\/span>\n<\/div>\n<div class=\"roundtable_contributor\"><a href=\"#Isabelle\">Malini Ranganathan, Washington<\/a> <span class=\"answer_excerpt\">Decolonizing green city planning would involve prioritizing land recognition, redistribution, control, and reparations and developing new land arrangements as necessary to an environmentally just landscape.<\/span>\n<\/div>\n<div class=\"roundtable_contributor\"><a href=\"#Baixo\">Baixo Ribeiro, S\u00e3o Paulo<\/a> <span class=\"answer_excerpt\">A\u00a0hist\u00f3ria\u00a0da\u00a0resist\u00eancia\u00a0das\u00a0popula\u00e7\u00f5es\u00a0ind\u00edgenas no Brasil \u00e9\u00a0uma\u00a0hist\u00f3ria\u00a0de\u00a0luta\u00a0para\u00a0manter\u00a0as\u00a0suas\u00a0terraspermanentemente\u00a0assediadas\u00a0por\u00a0um\u00a0capitalismo desmedido e financiado pela\u00a0ind\u00fastria\u00a0global.\u00a0Min\u00e9rios, madeira, petr\u00f3leo\u00a0s\u00e3o\u00a0os\u00a0nossos\u00a0piores\u00a0inimigos\u00a0e os consumidores do mundo todo\u00a0s\u00e3o\u00a0respons\u00e1veis.<\/span>\n<\/div>\n<div class=\"roundtable_contributor\"><a href=\"#BR-ENG\">Baixo Ribeiro, S\u00e3o Paulo<\/a> <span class=\"answer_excerpt\">The history of resistance of indigenous peoples in Brazil is a history of struggle to keep their lands, which are permanently besieged by rampant capitalism.\u00a0Minerals, timber, and oil are our worst enemies. Consumers worldwide are directly responsible.<\/span>\n<\/div>\n<div class=\"roundtable_contributor\"><a href=\"#Hita\">Amrita Sen, Bangalore<\/a> <span class=\"answer_excerpt\">Environmental organizations have to bear larger accountabilities towards protection of marginal urban communities, not only during incidences of risk but also when environmental management and its related implementation at all levels appear discriminatory and\/or racist.<\/span>\n<\/div>\n<div class=\"roundtable_contributor\"><a href=\"#Sune\">Sun\u00e9 Stassen, Cape Town<\/a> <span class=\"answer_excerpt\">We at Open Design Afrika believe that collaborative Creative Intelligence is a SUPER POWER! We also believe that every child and citizen should have the right to develop it and be empowered to confidently contribute to the future-making of a world we can ALL feel proud to live, work and play in.<\/span>\n<\/div>\n<div class=\"roundtable_contributor\"><a href=\"#Abdallah\">Abdallah Tawfic, Cairo<\/a> <span class=\"answer_excerpt\">Women\u2019s experiences and perceptions of public spaces di\ufb00er to men and it is important to take these differences into account when planning and designing spaces. By applying an intersectional gender lens, women\u2019s specific experiences, needs, and concerns can inform the development of safe and inclusive public spaces.<\/span>\n<\/div>\n<div class=\"roundtable_contributor\"><a href=\"#Cindy\">Cindy Thomashow, Seattle<\/a> <span class=\"answer_excerpt\">Natural systems are putty in the hands of city planners and the wealthy. Intentional inequities, more frequently than not, shape cities. UEE builds the leadership skills that support change-making focused on fairness, equity and justice.<\/span>\n<\/div>\n<div class=\"roundtable_contributor\"><a href=\"#Hita\">Hita Unnikrishnan, Bangalore<\/a> <span class=\"answer_excerpt\">Environmental organizations have to bear larger accountabilities towards protection of marginal urban communities, not only during incidences of risk but also when environmental management and its related implementation at all levels appear discriminatory and\/or racist.[\/<\/span>\n<\/div>\n<div class=\"roundtable_contributor\"><a href=\"#Ebony\">Ebony Walden, Richmond<\/a> <span class=\"answer_excerpt\">We need more planners, environmentalists, institutional and civic leaders, across races and with a broad intersection of identities committed to confronting racism in urban ecology in an ongoing, diligent, and vigilant fashion to disrupt the status quo of white supremacy.<\/span>\n<\/div>\n<div class=\"roundtable_contributor\"><a href=\"#Charles\">Ibrahim Wallee, Accra<\/a> <span class=\"answer_excerpt\">There is a complex inter-mesh of racism, socio-political, and economic injustice that accounts for environmental degradation in Africa, all with colonial origins. Lands in Africa became the property of Europeans, with Africans enduring all forms of brutality. It must now be de-colonized.<\/span>\n<\/div>\n<div class=\"roundtable_contributor\"><a href=\"#Diana\">Diane Wiesner, Bogot\u00e1<\/a> <span class=\"answer_excerpt\">Nos preguntamos d\u00f3nde y en cu\u00e1ntas calles de las urbes colombianas rendimos tributo a nuestros paisajes, a los pueblos originarios o a los ind\u00edgenas? Nuestras plazas est\u00e1n repletas de monumentos de una Espa\u00f1a que arras\u00f3 con poblaciones y ecosistemas. <\/span>\n<\/div>\n<div class=\"roundtable_contributor\"><a href=\"#DW-ENG\">Diane Wiesner, Bogot\u00e1<\/a> <span class=\"answer_excerpt\">Let us ask: where, and in how many streets of Colombian cities do we pay tribute to our landscapes, native peoples, or indigenous people? Our plazas are full of monuments to a Spain that razed populations and ecosystems.<\/span>\n<\/div>\n<\/div>\n<div class=\"introduction\">\n<h3 id=\"Blank\">Introduction<\/h3>\n    <div class=\"wp-biographia-container-around\">\n        <div class=\"wp-biographia-pic\"><img alt='David Maddox' src='https:\/\/www.thenatureofcities.com\/TNOC\/wp-content\/uploads\/2025\/06\/Maddox-2025-1-125x125.png' srcset=\"https:\/\/www.thenatureofcities.com\/TNOC\/wp-content\/uploads\/2025\/06\/Maddox-2025-1-250x250.png 2x\" class='avatar avatar-125 photo wp-biographia-avatar' height='125' width='125' \/><\/div>\n        <div class=\"wp-biographia-text\">\n            <h3>about the writer<br>\n                <a href=\"https:\/\/www.thenatureofcities.com\/TNOC\/author\/davidmaddox\/\">David Maddox<\/a>\n            <\/h3>\n            <p>David loves urban spaces and nature. He loves creativity and collaboration. He loves theatre and music. In his life and work he has practiced in all of these as, in various moments, a scientist, a climate change researcher, a land steward, an ecological practitioner, composer, a playwright, a musician, an actor, and a theatre director. David's dad told him once that he needed a back up plan, something to \"fall back on\". So he bought a tuba.<\/p>\n        <\/div>\n    <\/div>\n    \n<p>There has been a growing belief in the need for \u201cequity\u201d in how we build urban environments. The inequities have <a href=\"https:\/\/www.thenatureofcities.com\/the-just-city-essays\/\" target=\"_blank\" rel=\"noopener noreferrer\">long been clear<\/a>, but remain largely unsolved in environmental justice: both environmental \u201cbads\u201d (e.g. pollution) and \u201cgoods\u201d (parks, food, ecosystem services of various kinds, livability) tend to be inequitably distributed. Such problems exist around the world, from New York to Mumbai, from Brussels to Rio de Janeiro to Lagos. Indeed, among many there is a sense that \u201cequity\u201d is not enough. Perhaps we need a more active expression of the social and environmental struggles that that underlie issues of equity and inequity in environmental justice and urban ecologies: one that is explicitly \u201canti-racist\u201d, and which recognizes and tries to dismantle the systemic foundations of the inequities.<\/p>\n<p>There is a logical resonance of this idea to a wide variety of identities, histories, prejudices, and processes that systematically exclude and discriminate among people, including (but sadly not limited to) colonialism, social caste, gender, sexual orientation, religion, ethnicity, and indigeneity.<\/p>\n<p>So, let us try to imagine approaches beyond the mere basics of equity. What would an anti-racist (or de-colonial or anti-caste, and so on) approach to \u201curban ecologies\u201d be? How would it be accomplished? Is it an approach that would create progress? How would it integrate social and ecological pattern and process? How would we as professionals and concerned urban residents engage with it?<\/p>\n<figure class=\"wp-block-pullquote\"><blockquote>These conversations must be about social issues as much as ecological ones. Light needs be shined in all directions.<\/blockquote><\/figure>\n<p>We must be fiercely honest with ourselves by shining lights into the patterns and limitations \u2014 yes, the stubborn prejudices \u2014 of our own professions. What can we do as individuals? How can we nudge our disciplines \u2014 ecology, or planning, or architecture, or policymaking, or educations, or civil society, or whatever \u2014 in better directions?<\/p>\n<p>And we must also move towards articulating what we are <span style=\"text-decoration: underline;\">for<\/span> and activate ourselves and our professions towards change that supports these things; not be satisfied with merely railing at what we are against.<\/p>\n<p>What actions we will take to make cities that are truly better for everyone?<\/p>\n<p><em>Banner image: Greenpop, Cape Town<\/em><br \/>\n<\/div>\n\n\n\n\n\n\n\n\n\n\n\n\n\n\n\n\n\n\n<p>&nbsp;<\/p>\n<div class=\"answer\">\n<h3 id=\"Maria\">Mar\u00eda M\u00e9jia<\/h3>\n    <div class=\"wp-biographia-container-around\">\n        <div class=\"wp-biographia-pic\"><img alt='Mar\u00eda Mej\u00eda' src='https:\/\/www.thenatureofcities.com\/TNOC\/wp-content\/uploads\/2022\/10\/MejiaHeadshot-125x125.jpg' srcset=\"https:\/\/www.thenatureofcities.com\/TNOC\/wp-content\/uploads\/2022\/10\/MejiaHeadshot.jpg 2x\" class='avatar avatar-125 photo wp-biographia-avatar' height='125' width='125' \/><\/div>\n        <div class=\"wp-biographia-text\">\n            <h3>about the writer<br>\n                <a href=\"https:\/\/www.thenatureofcities.com\/TNOC\/author\/mariamejia\/\">Mar\u00eda Mej\u00eda<\/a>\n            <\/h3>\n            <p>My heart is scattered across Colombia, Germany, the United States. and the Philippines. I have worked with incredible teams (Asian Development Bank, German Cooperation Agency, PIK Institute, etc.). Now back home, I'm currently leading the BiodiverCities by 2030 Initiative at the Humboldt Institute of Colombia. Editor of Urban Nature: Platform of Experiences (2016) and Transforming Cities with Biodiversity (2022). Volunteer at Fundaci\u00f3n Cerros de Bogot\u00e1. Friend of TNOC since 2013.  <\/p>\n        <\/div>\n    <\/div>\n    \n<p><strong>Live now! Claiming back the right to the city: A tale from Colombia\u2019s streets<\/strong><\/p>\n<figure class=\"wp-block-pullquote\"><blockquote>Cali\u2019s urban natures mirror deep wounds of racism and colonialism. Its urban development in the 20<sup>th<\/sup> Century was embedded in historical dynamics of labor exploitation and the trade of goods and commodities. The historical concentration of land by elites made of Cali a highly segregated city: it was a radicalization of space.<\/blockquote><\/figure>\n<p>I\u2019m writing this short article with a heavy heart. I received this invitation from TNOC in the midst of social unrest in our country. Unexpectedly, the tax reform presented to Congress on 15 April 2021, was the straw that broke the camel\u2019s back. The national strike on April 28<sup>th<\/sup> in opposition to this tax reform revived a social mobilization from November 21<sup>st<\/sup> of 2019, known as N21. Back then, the massive general strike was a response to shortages in public education expenses, but it was soon fueled by structural issues dealing with inequality, violence, oppression, poverty, and unemployment, especially youth unemployment.<\/p>\n<figure id=\"attachment_46897\" aria-describedby=\"caption-attachment-46897\" style=\"width: 604px\" class=\"wp-caption aligncenter\"><a href=\"https:\/\/www.thenatureofcities.com\/2021\/06\/07\/beyond-equity-what-does-an-anti-racist-urban-ecology-look-like\/blanco-azul-verde-y-amarillo-foto-collage-moderno-reunion-empresarial-presentacion\/\" rel=\"attachment wp-att-46897\"><img loading=\"lazy\" decoding=\"async\" class=\"size-large wp-image-46897\" src=\"https:\/\/www.thenatureofcities.com\/TNOC\/wp-content\/uploads\/2021\/06\/1-1076x560.jpg\" alt=\"\" width=\"604\" height=\"314\" srcset=\"https:\/\/www.thenatureofcities.com\/TNOC\/wp-content\/uploads\/2021\/06\/1-1076x560.jpg 1076w, https:\/\/www.thenatureofcities.com\/TNOC\/wp-content\/uploads\/2021\/06\/1-100x52.jpg 100w, https:\/\/www.thenatureofcities.com\/TNOC\/wp-content\/uploads\/2021\/06\/1.jpg 1212w\" sizes=\"auto, (max-width: 604px) 100vw, 604px\" \/><\/a><figcaption id=\"caption-attachment-46897\" class=\"wp-caption-text\">LEFT: With signs and barricades, people re-signified Puerto Resistencia&#8217;s public space, formerly known as Puerto Relleno, a low income neighborhood in Eastern Cal\u00ed. Photo: @InvisiblesMuros. RIGHT: Call, the resistance capital. Photo: @Keos36<\/figcaption><\/figure>\n<p>This time the epicenter is the city of Cali, referred to these days as the Resistance Capital or <em>Capital de la resistencia<\/em>. A few public spaces in the city were even renamed by urban dwellers in light of the dynamics of rallies and meeting points, for instance, The Hill of Dignity (<em>Loma de la Dignidad<\/em>) or Port Resistance<a href=\"applewebdata:\/\/CC2F22E5-C593-4A58-8566-9601F2535469#_edn1\" name=\"_ednref1\">[i]<\/a>(<em>Puerto Resistencia)<\/em>.<\/p>\n<p>Monday, 5 May 2021: Independent press<a href=\"applewebdata:\/\/CC2F22E5-C593-4A58-8566-9601F2535469#_edn2\" name=\"_ednref2\">[ii]<\/a> and <a href=\"https:\/\/twitter.com\/TembloresOng\/status\/1392228137396752391\/photo\/2\">human rights NGOs<\/a> report 19 people shot to death in Cali, presumably by police and military forces. The victims were not performing life-threatening acts, some were singing harangues, and some were just walking back home or strolling along the grass. These violent and difficult circumstances in Cali but also those reported in the cities of Pereira, Barranquilla, Neiva, Popay\u00e1n, Pasto, Gachanzip\u00e1, Madrid and Bogot\u00e1<a href=\"applewebdata:\/\/CC2F22E5-C593-4A58-8566-9601F2535469#_edn3\" name=\"_ednref3\">[iii]<\/a> \u00a0explain my heavy heart.<\/p>\n<figure id=\"attachment_46898\" aria-describedby=\"caption-attachment-46898\" style=\"width: 604px\" class=\"wp-caption aligncenter\"><a href=\"https:\/\/www.thenatureofcities.com\/2021\/06\/07\/beyond-equity-what-does-an-anti-racist-urban-ecology-look-like\/blanco-azul-verde-y-amarillo-foto-collage-moderno-reunion-empresarial-presentacion-2\/\" rel=\"attachment wp-att-46898\"><img loading=\"lazy\" decoding=\"async\" class=\"size-large wp-image-46898\" src=\"https:\/\/www.thenatureofcities.com\/TNOC\/wp-content\/uploads\/2021\/06\/2-1037x560.jpg\" alt=\"\" width=\"604\" height=\"326\" srcset=\"https:\/\/www.thenatureofcities.com\/TNOC\/wp-content\/uploads\/2021\/06\/2-1037x560.jpg 1037w, https:\/\/www.thenatureofcities.com\/TNOC\/wp-content\/uploads\/2021\/06\/2-100x54.jpg 100w, https:\/\/www.thenatureofcities.com\/TNOC\/wp-content\/uploads\/2021\/06\/2.jpg 1270w\" sizes=\"auto, (max-width: 604px) 100vw, 604px\" \/><\/a><figcaption id=\"caption-attachment-46898\" class=\"wp-caption-text\">The Police&#8217;s Comandos de Atenci\u00f3n Inmediata (CAI, mini police stations) now turned into pubic libraries. The walls display the names of people presumably shot to death by police officers. Puerto Resistencia, Cal\u00ed. Photo: @InvisiblesMuros<\/figcaption><\/figure>\n<p><strong>A low heat situation soon to turn into fire<\/strong><\/p>\n<p>But why Cali? Why this green and blue heaven, blessed by the majesty of the Andes mountain range to the west and the Cauca River<a href=\"applewebdata:\/\/CC2F22E5-C593-4A58-8566-9601F2535469#_edn4\" name=\"_ednref4\">[iv]<\/a> to the east? In 2019, Cali was better off than the national average in terms of unemployment, so what made this happen? The impact of COVID-19 in livelihoods? <a href=\"https:\/\/www.worldbank.org\/en\/events\/2016\/01\/07\/out-of-school-and-out-of-work\">Young people looking for opportunities who are neither studying nor working<\/a> (&#8220;ninis&#8221; from the Spanish phrase \u201cni estudia ni trabaja\u201d)? A struggle for the right to the city? A historical segregation pattern? All of the above?<\/p>\n<p>Cali holds the largest afro-descendant population nationwide and it probably holds the second place in Latin America, after Salvador de Bahia in Brazil. By the mid-60s Cali became a receptor city of displaced communities forced to flee their villages due to our armed conflict, both afro and indigenous communities.<\/p>\n<p>There is no doubt that Cali\u2019s urban natures mirror deep wounds of racism and colonialism. Cali\u2019s urban development in the 20<sup>th<\/sup> Century was embedded in historical dynamics of labor exploitation and the trade of goods and commodities. The historical concentration of land by elites undoubtedly made of Cali a highly segregated city in the 21<sup>st<\/sup> Century. This is what Professor Luis Carlos Castillo called the \u201cRacialization\u201d (<em>racializaci\u00f3n<\/em>) of the space, the localization of poor classes in high-risk areas in the periphery of Cali<a href=\"applewebdata:\/\/CC2F22E5-C593-4A58-8566-9601F2535469#_edn5\" name=\"_ednref5\">[v]<\/a>.<\/p>\n<figure id=\"attachment_46877\" aria-describedby=\"caption-attachment-46877\" style=\"width: 1775px\" class=\"wp-caption aligncenter\"><a href=\"https:\/\/www.thenatureofcities.com\/2021\/06\/07\/beyond-equity-what-does-an-anti-racist-urban-ecology-look-like\/cali-strata-mayo16\/\" rel=\"attachment wp-att-46877\"><img loading=\"lazy\" decoding=\"async\" class=\"size-full wp-image-46877\" src=\"https:\/\/www.thenatureofcities.com\/TNOC\/wp-content\/uploads\/2021\/06\/Cali-Strata-mayo16.png\" alt=\"\" width=\"1775\" height=\"2437\" srcset=\"https:\/\/www.thenatureofcities.com\/TNOC\/wp-content\/uploads\/2021\/06\/Cali-Strata-mayo16.png 1775w, https:\/\/www.thenatureofcities.com\/TNOC\/wp-content\/uploads\/2021\/06\/Cali-Strata-mayo16-408x560.png 408w, https:\/\/www.thenatureofcities.com\/TNOC\/wp-content\/uploads\/2021\/06\/Cali-Strata-mayo16-1119x1536.png 1119w, https:\/\/www.thenatureofcities.com\/TNOC\/wp-content\/uploads\/2021\/06\/Cali-Strata-mayo16-1492x2048.png 1492w, https:\/\/www.thenatureofcities.com\/TNOC\/wp-content\/uploads\/2021\/06\/Cali-Strata-mayo16-73x100.png 73w\" sizes=\"auto, (max-width: 1775px) 100vw, 1775px\" \/><\/a><figcaption id=\"caption-attachment-46877\" class=\"wp-caption-text\">The threat of mass movements in the slopes of Cali to the west are classified as \u201cHigh risk (not mitigable)\u201d, \u201cMedium risk (mitigable)\u201d and \u201cLow risk (mitigable)\u201d. On the other hand, the threat of river flood is significant along the plains to the east of Cali).<\/figcaption><\/figure>\n<figure id=\"attachment_46899\" aria-describedby=\"caption-attachment-46899\" style=\"width: 604px\" class=\"wp-caption aligncenter\"><a href=\"https:\/\/www.thenatureofcities.com\/2021\/06\/07\/beyond-equity-what-does-an-anti-racist-urban-ecology-look-like\/blanco-azul-verde-y-amarillo-foto-collage-moderno-reunion-empresarial-presentacion-3\/\" rel=\"attachment wp-att-46899\"><img loading=\"lazy\" decoding=\"async\" class=\"size-large wp-image-46899\" src=\"https:\/\/www.thenatureofcities.com\/TNOC\/wp-content\/uploads\/2021\/06\/3-1066x560.jpg\" alt=\"\" width=\"604\" height=\"317\" srcset=\"https:\/\/www.thenatureofcities.com\/TNOC\/wp-content\/uploads\/2021\/06\/3-1066x560.jpg 1066w, https:\/\/www.thenatureofcities.com\/TNOC\/wp-content\/uploads\/2021\/06\/3-100x53.jpg 100w, https:\/\/www.thenatureofcities.com\/TNOC\/wp-content\/uploads\/2021\/06\/3.jpg 1186w\" sizes=\"auto, (max-width: 604px) 100vw, 604px\" \/><\/a><figcaption id=\"caption-attachment-46899\" class=\"wp-caption-text\">Protests in Bogot\u00e1, Colombia, May 2021. Photos: @laorejaroja<\/figcaption><\/figure>\n<p><strong>Beyond equity: Power relations and urban natures<\/strong><\/p>\n<p>How are we\u2014as sustainability practitioners or urban ecologists\u2014engaging with notions of equity and social-environmental justice? Are we understanding equity as the fair access to markets with restrictive rights and access or (more complex notions related to) the devolution of rights and empowerment? In other words, are we understanding equity and social-environmental justice as the fair access to green areas or as the need of reshaping power relations in cities and political revindication of the powerless?<\/p>\n<p>I\u2019d say \u201cdistributing\u201d nature on equal basis may be the last film of the \u201cJust and Green Cities\u201d Trilogy. In line with notions of equity and social-environmental justice, the first movie will probably need to make explicit the idea that cities are highly contested spaces, where social groups strive to conquer the portion of land which can render the highest profit on capital investment<a href=\"applewebdata:\/\/CC2F22E5-C593-4A58-8566-9601F2535469#_edn6\" name=\"_ednref6\">[vi]<\/a>. The second film could then reflect on <em>Who is to decide what and how <\/em>in cities? Whose voices are listened when it comes to protect urban natures? Whether an urban wetland should be kept as an ecological and social spot or transformed to give way to transport infrastructure expansion? Who is waving each of these narratives? Which groups are enjoying the right to the city? How race, class, and gender play a role in this political participation? Finally, the closing film could touch upon distribution of and access to urban natures by exploring the role of urban design or the so-called Nature-Based Solutions to tackle access-related challenges.<\/p>\n<p><strong>Closing thoughts from my own limitations and aspirations<\/strong><\/p>\n<p>Maybe any post addressing the relationship between racism, colonialism, and the city may start by acknowledging one\u2019s limitations and inherited comfort. More than pinning down a reason to explain why Cali is the epicenter these days, in what follows I share my closing thoughts as a <em>mestizo<\/em> woman born in Bogota, in a privilege circle and with a sincere will of decentralizing my ways of knowing. What is happening in Cali makes me draw these preliminary ideas:<\/p>\n<ul>\n<li>A social crisis I grew up watching on the news in rural areas is now taking a new form, adding up new layers and more evidently, taking a whole urban dimension.<\/li>\n<li>The situation in Cali mirrors decades of segregation above and beyond the city itself.<\/li>\n<li>A vibrant and creative youth claiming back the right to the city. A new social force is shaping the city i.e., <em>Puerto Resistencia<\/em>.<\/li>\n<li>An invitation to listen and bond together. An invite to overcome polarization.<\/li>\n<li>The above poses the question on the role of urban natures to heal (or to reinforce) social inequalities in Colombian cities. What will be the role of urban natures in Cali in pursuing a new citizenship? To what extend do we need to rethink the research we conduct, or the methods we choose so that power relations can be unpacked?<\/li>\n<li>Finally, as <a href=\"https:\/\/www.augustoangelmaya.org\/\">Augusto Angel Maya<\/a> would say, loving nature entails loving humans. We need to commit in respecting and protecting life in all its forms. \u201cLife is sacred\u201d<a href=\"applewebdata:\/\/CC2F22E5-C593-4A58-8566-9601F2535469#_edn7\" name=\"_ednref7\">[vii]<\/a>.<\/li>\n<\/ul>\n<figure id=\"attachment_46878\" aria-describedby=\"caption-attachment-46878\" style=\"width: 250px\" class=\"wp-caption alignright\"><a href=\"https:\/\/www.thenatureofcities.com\/2021\/06\/07\/beyond-equity-what-does-an-anti-racist-urban-ecology-look-like\/maria-hills-crop\/\" rel=\"attachment wp-att-46878\"><img loading=\"lazy\" decoding=\"async\" class=\"wp-image-46878\" src=\"https:\/\/www.thenatureofcities.com\/TNOC\/wp-content\/uploads\/2021\/06\/Maria-hills-crop-352x560.png\" alt=\"\" width=\"250\" height=\"397\" srcset=\"https:\/\/www.thenatureofcities.com\/TNOC\/wp-content\/uploads\/2021\/06\/Maria-hills-crop-352x560.png 352w, https:\/\/www.thenatureofcities.com\/TNOC\/wp-content\/uploads\/2021\/06\/Maria-hills-crop-63x100.png 63w, https:\/\/www.thenatureofcities.com\/TNOC\/wp-content\/uploads\/2021\/06\/Maria-hills-crop.png 489w\" sizes=\"auto, (max-width: 250px) 100vw, 250px\" \/><\/a><figcaption id=\"caption-attachment-46878\" class=\"wp-caption-text\">The author speaking in the hills outside of Bogot\u00e1<\/figcaption><\/figure>\n<p><strong>Notes:<\/strong><\/p>\n<p><a href=\"applewebdata:\/\/CC2F22E5-C593-4A58-8566-9601F2535469#_ednref1\" name=\"_edn1\">[i]<\/a> For further information visit <a href=\"https:\/\/medium.com\/muros-invisibles\/port-resistance-the-autonomous-zone-at-the-heart-of-colombian-protests-f9a789f3c206\">\u201cPort Resistance: the autonomous zone at the heart of Colombian protests\u201d by Joshua Collins<\/a>.<\/p>\n<p><a href=\"applewebdata:\/\/CC2F22E5-C593-4A58-8566-9601F2535469#_ednref2\" name=\"_edn2\">[ii]<\/a> See interview to Diana Salinas, Journalist and co-founder of <em>Cuesti\u00f3n P\u00fablica<\/em>(<a href=\"https:\/\/cuestionpublica.com\/\">https:\/\/cuestionpublica.com\/<\/a>) in <a href=\"https:\/\/www.youtube.com\/watch?v=fKxyY03IMI0\">https:\/\/www.youtube.com\/watch?v=fKxyY03IMI0<\/a><\/p>\n<p><a href=\"applewebdata:\/\/CC2F22E5-C593-4A58-8566-9601F2535469#_ednref3\" name=\"_edn3\">[iii]<\/a> See \u201cGeography of police violence\u201d in https:\/\/cerosetenta.uniandes.edu.co\/la-geografia-de-la-violencia-policial\/).<\/p>\n<p><a href=\"applewebdata:\/\/CC2F22E5-C593-4A58-8566-9601F2535469#_ednref4\" name=\"_edn4\">[iv]<\/a> The Cauca River is Colombia\u2019s second largest river.<\/p>\n<p><a href=\"applewebdata:\/\/CC2F22E5-C593-4A58-8566-9601F2535469#_ednref5\" name=\"_edn5\">[v]<\/a> Doctoral Thesis by Prof. Luis Carlos Castillo: <em>El Estado-naci\u00f3n pluri\u00e9tnico y multicultural colombiano: la lucha por el territorio en la reimaginaci\u00f3n de la naci\u00f3n y la reivindicaci\u00f3n de la identidad \u00e9tnica de negros e ind\u00edgenas<\/em>. Retrieved from <a href=\"http:\/\/webs.ucm.es\/BUCM\/tesis\/cps\/ucm-t28946.pdf\">http:\/\/webs.ucm.es\/BUCM\/tesis\/cps\/ucm-t28946.pdf<\/a><\/p>\n<p><a href=\"applewebdata:\/\/CC2F22E5-C593-4A58-8566-9601F2535469#_ednref6\" name=\"_edn6\">[vi]<\/a> The social production of ecosystem services: A framework for studying environmental justice and ecological complexity in urbanized landscapes. (Ernstson, 2013)<\/p>\n<p><a href=\"applewebdata:\/\/CC2F22E5-C593-4A58-8566-9601F2535469#_ednref7\" name=\"_edn7\">[vii]<\/a> Antanas Mockus, \u00a0<a href=\"https:\/\/en.wikipedia.org\/wiki\/Colombia\">Colombian<\/a>\u00a0<a href=\"https:\/\/en.wikipedia.org\/wiki\/Mathematics\">mathematician<\/a>,\u00a0<a href=\"https:\/\/en.wikipedia.org\/wiki\/Philosophy\">philosopher<\/a>, and\u00a0<a href=\"https:\/\/en.wikipedia.org\/wiki\/Politics\">politician<\/a>.<\/p>\n<\/div><div class=\"answer\">\n<h3 id=\"Charles\">Charles Prempeh and Ibrahim Wallee<\/h3>\n<div class=\"addon_bios\">\n    <div class=\"wp-biographia-container-around\">\n        <div class=\"wp-biographia-pic\"><img alt='Charles Prempeh' src='https:\/\/www.thenatureofcities.com\/TNOC\/wp-content\/uploads\/2021\/05\/image002-1-125x125.jpg' srcset=\"https:\/\/www.thenatureofcities.com\/TNOC\/wp-content\/uploads\/2021\/05\/image002-1-250x250.jpg 2x\" class='avatar avatar-125 photo wp-biographia-avatar' height='125' width='125' \/><\/div>\n        <div class=\"wp-biographia-text\">\n            <h3>about the writer<br>\n                <a href=\"https:\/\/www.thenatureofcities.com\/TNOC\/author\/charlesprempeh\/\">Charles Prempeh<\/a>\n            <\/h3>\n            <p>Charles Prempeh, PhD, is the Director of Research for African Christian-Muslim Interfaith International Council and holds a teaching appointment at the African University College of Communications, Accra, Ghana. He researches on religions, chieftaincy, politics, indigenous cosmological knowledge systems, and youth culture. \r\n<\/p>\n        <\/div>\n    <\/div>\n    \n    <div class=\"wp-biographia-container-around\">\n        <div class=\"wp-biographia-pic\"><img alt='Ibrahim Wallee' src='https:\/\/www.thenatureofcities.com\/TNOC\/wp-content\/uploads\/2023\/05\/Wallee-125x125.jpg' srcset=\"https:\/\/www.thenatureofcities.com\/TNOC\/wp-content\/uploads\/2023\/05\/Wallee.jpg 2x\" class='avatar avatar-125 photo wp-biographia-avatar' height='125' width='125' \/><\/div>\n        <div class=\"wp-biographia-text\">\n            <h3>about the writer<br>\n                <a href=\"https:\/\/www.thenatureofcities.com\/TNOC\/author\/ibrahimwallee\/\">Ibrahim Wallee<\/a>\n            <\/h3>\n            <p>Ibrahim Wallee; is a development communicator, peacebuilding specialist, and environmental activist. He is the Executive Director of Center for Sustainable Livelihood and Development (CENSLiD), based in Accra, Ghana. He is a Co-Curator for Africa and Middle East Regions for The Nature of Cities Festivals.<\/p>\n        <\/div>\n    <\/div>\n    \n<\/div>\n<p><strong>Decolonizing African ecology to promote sound ecosystems<\/strong><\/p>\n<figure class=\"wp-block-pullquote\"><blockquote>There is a complex inter-mesh of racism, socio-political, and economic injustice that accounts for environmental degradation in Africa, all with colonial origins. Lands in Africa became the property of Europeans, with Africans enduring all forms of brutality. It must now be de-colonized.<\/blockquote><\/figure>\n<p>Historically, different philosophical dispositions have influenced how human beings have interacted with the environment. Until the birth of modern science, human beings in the pre-industrial world had been at the mercy of the natural environment. They subsisted based on the natural orientation of the environment. So, either through hunting or gathering, the environment was the determining factor in human existence where the so-called primitive human being had little knowledge about progress\u2014in the sense of humans dominating the environment. The idea of progress is a modern concept that followed a long historical trajectory of the invention of modern agriculture and science.<\/p>\n<p>With the invention of agriculture in 9000 BC, humans learned how to rule over the environment. But things came to a head when modern science was born in the seventeenth century, with humans gathering momentum in controlling the environment. This crystallised the era of the industrial revolution, beginning in the 1730s.<\/p>\n<p>Since the eighteenth century, human beings entered the Anthropocene phase\u2014as human activities began exerting a negative influence on the environment. But more central to the industrial revolution was the quest for material resources to feed growing industries in Europe. Prior to that, the need for human beings to work the large tracts of land in the Americas had resulted in the mass enslavement of Africans for about four centuries. The end of the slave trade was primarily a result of the Industrial Revolution\u2014even though there were other secondary reasons, such as the advocates from humanitarian groups.<\/p>\n<p>So, with the rise of the industrial revolution in the eighteenth century and the increasing need for raw materials, Europeans had to develop their own philosophical traditions to rationalise the wanton exploitation of distant lands, especially in Africa. Just as Europeans had used socially constructed theories\u2014such as the Hamitic hypothesis\u2014to justify the enslavement of Africans, alternative theories were developed to justify the destruction of the ecological system of countries in Africa. We are particularly interested in the Hamitic hypothesis because of two mutually inclusive reasons: First; it denies Africa\u2019s contribution to human civilization, and which leads to the west questioning Africa\u2019s contribution to solving contemporary challenges, particularly ecological injustice. We, therefore, argue that critiquing this theory would help us chart new pathways in ensuring that Africa shares an equal table with the rest of the world to stem the tide against ecological injustice.<\/p>\n<p>Framed as \u201clegitimate\u201d trade, European colonising powers, including the British, French, Dutch, Spanish, Portuguese, and Germans had to integrate the philosophy of property into the arena of colonisation in the late eighteenth century. Indeed, prior to this century, the notion of a property had been hotly debated among early English philosophers, including Thomas Locke. Thomas Locke had argued that whatever nature offers is free and that it becomes an individual\u2019s property if an individual applies his or her labour to it. This led to the idea of <em>terra nullius<\/em>\u2014where nature was considered \u201cno-man&#8217;s-land\u201d. <em>Terra nullius<\/em> was philosophical ammunition that inspired Europeans to set off destroying distant lands to benefit the metropolitan countries.<\/p>\n<p>The above elaborations point to the historical origin of racism and inequality in using the natural environment. Lands in Africa became the property of Europeans, with Africans enduring all forms of brutality, including German acts of genocide, against the Herero people in Tanzania in 1904. More recently, Africa continues to be the dumping ground for electronic toxic waste from western countries, including Germany. For example, Agbogbloshie, a neighbourhood of Accra, is one of the dumping sites of electronic waste from the West. Similarly, the Chinese since the 1980s have also been complicit in working with their Ghanaian counterparts to destroy the country\u2019s water bodies through illegal mining, called <em>Galamsey<\/em>.<\/p>\n<p>The above points to a complex inter-mesh of racism, socio-political, and economic injustice that accounts for environmental degradation in Africa. To address these issues, our paper explores how Africa and the world can work together to relieve the continent and the world from ecological injustice. Africa&#8217;s ecology needs to be decolonised. We argue that ecological decolonisation would be possible if Africans undertake the following steps: First, take pragmatic and strategic measures to minimise corruption within the environmental sector. Second, with Ghana, the country should engage all stakeholders, especially chiefs who are custodians of about 90% percent of land, to explore ways of overcoming ecological injustice. Third, countries in Africa should appeal to the international court to compel foreign countries and companies to stop destroying the ecology of Africa. Recently, in January 2021, Nigerian farmers in the Niger Delta won a court case against the Royal Dutch Shell company who were found culpable in oil pollution in Nigeria.<\/p>\n<\/div><div class=\"answer\">\n<h3 id=\"Jean-Marie\">Jean-Marie Cishahayo<\/h3>\n    <div class=\"wp-biographia-container-around\">\n        <div class=\"wp-biographia-pic\"><img alt='Jean-Marie Cishahayo' src='https:\/\/www.thenatureofcities.com\/TNOC\/wp-content\/uploads\/2021\/05\/Cishahayo-125x125.jpeg' srcset=\"https:\/\/www.thenatureofcities.com\/TNOC\/wp-content\/uploads\/2021\/05\/Cishahayo-250x250.jpeg 2x\" class='avatar avatar-125 photo wp-biographia-avatar' height='125' width='125' \/><\/div>\n        <div class=\"wp-biographia-text\">\n            <h3>about the writer<br>\n                <a href=\"https:\/\/www.thenatureofcities.com\/TNOC\/author\/jean-mariecishahayo\/\">Jean-Marie Cishahayo<\/a>\n            <\/h3>\n            <p>Jean-Marie Cishahayo has around 20 years of studies and professional work in International development and lived in 4 continents: Asia, Europe, Africa, and North America. He has passion in capacity building in sustainable development, climate change, smart and green cities, local economic development, Resilient Monitoring and evaluation, Climate change. He is fluent in French, English, Chinese and Swahili.\r\n<\/p>\n        <\/div>\n    <\/div>\n    \n<p><em><a href=\"#JMC-ENG\">(Read this in English.)<\/a><\/em><\/p>\n<p><strong>Repenser &#8220;le droit \u00e0 la ville&#8221; : le futur d\u00e9fi de la gestion de l&#8217;\u00e9quit\u00e9 et de l&#8217;inclusion dans la matrice des syst\u00e8mes naturels urbains<\/strong><\/p>\n<figure class=\"wp-block-pullquote\"><blockquote>Les dimensions spatiales, sociales et \u00e9conomiques de l&#8217;inclusion urbaine sont \u00e9troitement li\u00e9es et ont tendance \u00e0 se renforcer mutuellement. Sur un chemin n\u00e9gatif, ces facteurs interagissent pour pi\u00e9ger les gens dans la pauvret\u00e9 et la marginalisation. En sens inverse, ils peuvent sortir les gens de l&#8217;exclusion et am\u00e9liorer leur vie.<\/blockquote><\/figure>\n<p>Au-del\u00e0 de l&#8217;\u00e9quit\u00e9 urbaine, il est possible de construire l&#8217;antiracisme dans la gestion des syst\u00e8mes naturels dans la matrice urbaine. C&#8217;est une approche qui pourrait cr\u00e9er des progr\u00e8s, \u00e0 mon avis. Voici quelques concepts et approches pour d\u00e9velopper quelques r\u00e9flexions.<\/p>\n<p>Je voudrais commencer par recommander de faire revivre et de repenser l&#8217;id\u00e9e originale du droit \u00e0 la ville. Le &#8220;droit \u00e0 la ville&#8221; est une id\u00e9e et un slogan qui a \u00e9t\u00e9 initialement propos\u00e9 par Henri Lefevre dans son livre de 1968 : Le Droit \u00e0 la Ville. Il a \u00e9t\u00e9 acclam\u00e9 plus r\u00e9cemment par des mouvements sociaux, des penseurs et plusieurs autorit\u00e9s locales progressistes comme un appel \u00e0 l&#8217;action pour r\u00e9cup\u00e9rer la ville et cr\u00e9er un espace de vie en contraste avec les effets croissants que la marchandisation et le capitalisme ont eu sur l&#8217;interaction sociale et l&#8217;augmentation des in\u00e9galit\u00e9s particuli\u00e8res dans les villes du monde entier au cours des derniers si\u00e8cles (chapitres 2-17 de Writings on cities, s\u00e9lectionn\u00e9s, traduits et introduits par Eleonore Kofman et Elizabeth Lebas).<\/p>\n<p>Le concept du droit \u00e0 la ville de Lefevre ressemble \u00e0 une combinaison de meilleures pratiques en mati\u00e8re de planification des environnements urbains avec pour objectif pr\u00e9liminaire de construire une communaut\u00e9 harmonieuse, de droits aux ressources urbaines, de l&#8217;\u00e9quit\u00e9 en mati\u00e8re de justice environnementale, d&#8217;\u00e9cologie urbaine, de l&#8217;antiracisme, de la haute qualit\u00e9 des services urbains tels que l&#8217;\u00e9ducation, le logement, le transport, la s\u00e9curit\u00e9, les services de sant\u00e9, du partage des ressources environnementales naturelles et de la libert\u00e9 de vivre dans une communaut\u00e9 d&#8217;\u00e9cosyst\u00e8mes humains. Ces droits sont appr\u00e9ci\u00e9s passivement ; nous devons les pr\u00e9server, les s\u00e9curiser, les maintenir et nous battre pour eux tout en respectant l&#8217;identit\u00e9 et les aspirations des autres. Cela nous rappelle aussi le concept d'&#8221;\u00e9cologie urbaine&#8221;, une it\u00e9ration de l&#8217;approche de l&#8217;\u00e9cologie humaine de l&#8217;\u00c9cole de Chicago, qui emprunte des concepts \u00e9cologiques comme l&#8217;invasion et la succession pour tenter d&#8217;expliquer l&#8217;organisation de la soci\u00e9t\u00e9 dans les villes (Andrew E.G.Jonas, Eugene Mc Cann et Mary Thomas, &#8220;Urban Geography&#8221;, 2015, Will Blackwell).<\/p>\n<p>Au cours des si\u00e8cles, je pense que ce concept a \u00e9t\u00e9 un \u00e9chec, ou un test fort pour les d\u00e9cideurs politiques, les urbanistes, les communaut\u00e9s et les individus. L&#8217;exclusion sociale, le racisme et la s\u00e9gr\u00e9gation ont commenc\u00e9 en l&#8217;absence manifeste d&#8217;un droit \u00e0 la ville dans toutes les formes de vie et dans de nombreux pays du monde. Aujourd&#8217;hui encore, cela est politis\u00e9 et institutionnalis\u00e9 dans certains pays. Bien plus, il est pr\u00e9f\u00e9rable de comprendre comment ce concept de droit \u00e0 la ville joue aujourd&#8217;hui dans les institutions, les pays et les communaut\u00e9s modernes. Voici des visions et des conclusions \u00e9quilibr\u00e9es de la Banque mondiale sur la cr\u00e9ation de communaut\u00e9s durables, inclusives et r\u00e9silientes.<\/p>\n<p>Aujourd&#8217;hui, plus de la moiti\u00e9 de la population mondiale vit dans des villes et cette proportion atteindra 70 % d&#8217;ici 2050. Pour s&#8217;assurer que les villes de demain offrent des opportunit\u00e9s et de meilleures conditions de vie \u00e0 tous, il est essentiel de comprendre que le concept de ville inclusive implique un r\u00e9seau complexe de multiples facteurs spatiaux, sociaux et \u00e9conomiques :<\/p>\n<ul>\n<li>Inclusion spatiale : l&#8217;inclusion urbaine exige de fournir des produits de premi\u00e8re n\u00e9cessit\u00e9 abordables tels que le logement, l&#8217;eau et l&#8217;assainissement. Le manque d&#8217;acc\u00e8s aux infrastructures et services essentiels est un combat quotidien pour de nombreux m\u00e9nages d\u00e9favoris\u00e9s.<\/li>\n<li>Inclusion sociale : une ville inclusive doit garantir l&#8217;\u00e9galit\u00e9 des droits et la participation de tous, y compris des plus marginalis\u00e9s. R\u00e9cemment, le manque d&#8217;opportunit\u00e9s pour les pauvres urbains et la demande accrue de voix des exclus ont exacerb\u00e9 les incidents de troubles sociaux dans les villes.<\/li>\n<li>Inclusion \u00e9conomique : cr\u00e9er des emplois et donner aux habitants des villes la possibilit\u00e9 de profiter des avantages de la croissance \u00e9conomique est une composante essentielle de l&#8217;inclusion urbaine globale.<\/li>\n<\/ul>\n<p>Les dimensions spatiale, sociale et \u00e9conomique de l&#8217;inclusion urbaine sont \u00e9troitement li\u00e9es et ont tendance \u00e0 se renforcer mutuellement. Sur un chemin n\u00e9gatif, ces facteurs interagissent pour pi\u00e9ger les gens dans la pauvret\u00e9 et la marginalisation. Dans le sens inverse, ils peuvent sortir les gens de l&#8217;exclusion et am\u00e9liorer leur vie. Cela nous ram\u00e8ne \u00e0 r\u00e9fl\u00e9chir \u00e0 l&#8217;objectif des nouveaux Objectifs de d\u00e9veloppement durable. Personne ne doit \u00eatre laiss\u00e9 de c\u00f4t\u00e9 ; tout le monde compte. C&#8217;est un concept fondamental des droits de l&#8217;homme et de l&#8217;\u00e9quit\u00e9 en milieu urbain. Parce que certaines de nos communaut\u00e9s ne sont pas plus inclusives, les mouvements de col\u00e8re et d&#8217;antiracisme gagnent du terrain.<\/p>\n<p>De millions de personnes souffrent de discrimination dans le monde du travail. Non seulement cela viole un droit humain des plus fondamentaux, mais cela a des cons\u00e9quences sociales et \u00e9conomiques plus larges. La discrimination \u00e9touffe les opportunit\u00e9s, gaspille le talent humain n\u00e9cessaire au progr\u00e8s \u00e9conomique et accentue les tensions et les in\u00e9galit\u00e9s sociales. La lutte contre la discrimination est un \u00e9l\u00e9ment essentiel de la promotion du travail d\u00e9cent, et le succ\u00e8s sur ce front se ressent bien au-del\u00e0 du lieu de travail (ILO sur l&#8217;\u00e9quit\u00e9 et la discrimination).<\/p>\n<p>Il est possible de construire l&#8217;\u00e9quit\u00e9 dans la matrice urbaine, mais cela n\u00e9cessitera de repenser totalement notre politique urbaine, notre planification sp\u00e9ciale et nos syst\u00e8mes \u00e9ducatifs dans les \u00e9coles et dans les familles. Il faut se concentrer davantage sur des approches innovantes en vue de construire des communaut\u00e9s multiculturelles et inclusives dans un environnement \u00e9quitable bas\u00e9 sur la nature. Personne ne doit \u00eatre laiss\u00e9 de c\u00f4t\u00e9, si je peux emprunter ce slogan aux Objectifs de d\u00e9veloppement durable des Nations Unies.<\/p>\n<p>Personne n\u2019est n\u00e9e, raciste, extremiste, violente, exclusive, radicale. C\u2019est dor\u00e9navent son type de famille, son type d\u2019\u00e9ducation, son type de compagnons, son type de communaut\u00e9 et son type d\u2019environement politique qui ont transform\u00e9 sa personalit\u00e9 et sa mani\u00e8re de penser. Alors quoi faire pour notre \u00e9quit\u00e9 environemental? Et pourquoi nous sommes impuissants pour changer la done?<a href=\"https:\/\/www.thenatureofcities.com\/2021\/06\/07\/beyond-equity-what-does-an-anti-racist-urban-ecology-look-like\/image2-8\/\" rel=\"attachment wp-att-46769\"><img loading=\"lazy\" decoding=\"async\" class=\"aligncenter wp-image-46769\" src=\"https:\/\/www.thenatureofcities.com\/TNOC\/wp-content\/uploads\/2021\/05\/image2.jpeg\" alt=\"\" width=\"604\" height=\"453\" srcset=\"https:\/\/www.thenatureofcities.com\/TNOC\/wp-content\/uploads\/2021\/05\/image2.jpeg 640w, https:\/\/www.thenatureofcities.com\/TNOC\/wp-content\/uploads\/2021\/05\/image2-100x75.jpeg 100w\" sizes=\"auto, (max-width: 604px) 100vw, 604px\" \/><\/a><\/p>\n<p><a name=\"JMC-ENG\"><\/a><\/p>\n<p>&nbsp;<\/p>\n<h3 style=\"text-align: center;\"><strong>* * *<\/strong><\/h3>\n<p><strong>Rethinking &#8220;the right to city&#8221;: the future challenge in managing equity and inclusion in urban natural systems matrix<\/strong><\/p>\n<figure class=\"wp-block-pullquote\"><blockquote>The spatial, social, and economic dimensions of urban inclusion are tightly intertwined and tend to reinforce each other. On a negative path, these factors interact to trap people into poverty and marginalization. Working in the opposite direction, they can lift people out of exclusion and improve lives.<\/blockquote><\/figure>\n<p>Beyond urban equity, it is possible to build antiracism in managing natural systems in the urban matrix. This is an approach that could create progress in my view. Here, are some concepts and approached to develop some reflections.<\/p>\n<p>I would like to start by recommending that we first revive and rethink the original idea of right to city. The \u201cright to the city\u201d is an idea and slogan that was originally proposed by Henri Lefevre in his 1968 book: Le Droit \u00e0 la Ville. It has been acclaimed more recently by social movements, thinkers, and several progressive local authorities alike as a call to action to reclaim the city as to create a space for life detached from the growing effects that commodification and capitalism have had over social interaction and the rise of special inequalities in worldwide cities through the last centuries. (Chapters 2-17 from Writings on cities, selected, translated, and introduced by Eleonore Kofman and Elizabeth Lebas)<\/p>\n<p>Lefevre\u2019s concept of the right to the city sounds like a combination of the best practices in urban settings planning with a preliminary aim to build harmonious community, rights to urban resources, equity in environment justice and urban ecology, antiracism, high quality of urban services such education, housing, transportation, safety, health services, sharing a natural based environment resources and freedom to live in a human ecosystem community. These rights are not granted; we need to preserve, secure, maintain, and fight for them while respecting other\u2019s identity and aspirations. This reminds us also the concept of \u201cUrban ecology\u201d, an iteration of the Chicago School\u2019s human ecology approach, borrows ecological concepts like invasion and succession in attempts to explain the organization of the society in cities. (Andrew E.G.Jonas, Eugene Mc Cann, and Mary Thomas, \u201cUrban Geography\u201d, 2015, Will Blackwell)<\/p>\n<p>Over centuries, I think, this concept had been a failure or strong test to both policy makers, urban planners, communities, and individuals. Social exclusion, racism, and segregation started in the clear absence to right to city in all form of life in many countries of the world. Even today this is politicized and institutionalized in some countries.<br \/>\nMuch more, it is better to understand how this concept of right to the city plays today in modern institutions, countries, and communities. The following are well-balanced visions and findings by the World Bank in order to build sustainable inclusive and resilient communities.<\/p>\n<p>Today more than a half of the world population lives in cities and this proportion will reach 70% by 2050. To make sure that tomorrow\u2019s cities provide opportunities and better living conditions for all, it is essential to understand that the concept of inclusive cities involves a complex web of multiple spatial, social, and economic factors:<\/p>\n<ul>\n<li>Spatial inclusion: urban inclusion requires providing affordable necessities such as housing, water, and sanitation. Lack of access to essential infrastructure and services is a daily struggle for many disadvantaged households.<\/li>\n<li>Social inclusion: an inclusive city needs to guarantee equal rights and participation of all, including the most marginalized. Recently, the lack of opportunities for the urban poor, and greater demand for voice from the socially excluded have exacerbated incidents of social upheaval in cities.<\/li>\n<li>Economic inclusion: creating jobs and giving urban residents the opportunity to enjoy the benefits of economic growth is a critical component of overall urban inclusion.<\/li>\n<\/ul>\n<p>The spatial, social, and economic dimensions of urban inclusion are tightly intertwined and tend to reinforce each other. On a negative path, these factors interact to trap people into poverty and marginalization. Working in the opposite direction, they can lift people out of exclusion and improve lives.<\/p>\n<p>This brings us back to reflect the purpose of the new Sustainable Development Goals. No one should be left behind, everyone counts. This is a fundamental concept of human rights and equity in urban settings. Because some of our communities are not more inclusive, anger and antiracism movements are gaining grounds.<\/p>\n<p>It is possible to build equity in urban matrix, but it will require a total rethinking of our urban policy, special planning, and education systems in schools and families. It should focus more on innovative approaches to building a multicultural and inclusive communities in a nature-based environment. No one should be left behind, if I can borrow this slogan from the United Nations Sustainable development goals.<\/p>\n<p>No one was born, racist, extremist, violent, exclusive, radical. It is indeed his type of family, his type of education, his type of companions, his type of community and his type of political environment that transformed his personality and his way of thinking. So, what can we do for our environmental equity? And why are we powerless to change the situation?<\/p>\n<\/div><div class=\"answer\">\n<h3 id=\"Morgan\">Morgan Grove<\/h3>\n    <div class=\"wp-biographia-container-around\">\n        <div class=\"wp-biographia-pic\"><img alt='Morgan Grove' src='https:\/\/www.thenatureofcities.com\/TNOC\/wp-content\/uploads\/2021\/05\/Grove-Hampden-125x125.jpeg' srcset=\"https:\/\/www.thenatureofcities.com\/TNOC\/wp-content\/uploads\/2021\/05\/Grove-Hampden-250x250.jpeg 2x\" class='avatar avatar-125 photo wp-biographia-avatar' height='125' width='125' \/><\/div>\n        <div class=\"wp-biographia-text\">\n            <h3>about the writer<br>\n                <a href=\"https:\/\/www.thenatureofcities.com\/TNOC\/author\/morgangrove\/\">Morgan Grove<\/a>\n            <\/h3>\n            <p>Morgan Grove is a social scientist and Lecturer at the Yale School of the Environment. He is a Co-Chair of Baltimore City\u2019s Sustainability Commission and Team Member of the Baltimore Ecosystem Study (BES). Morgan worked for 30 years for the USDA Forest Service, where he was the Team Leader for the Baltimore Field Station.<\/p>\n        <\/div>\n    <\/div>\n    \n<p><strong>Institutionalized racism is a resilient system<\/strong><\/p>\n<figure class=\"wp-block-pullquote\"><blockquote>An \u201canti-\u201d urban ecology is more than social interactions and ecological thinking. An \u201canti-\u201c urban ecology is to understand and act upon how these institutionalized systems alter the ecologies and interactions of species, populations, communities, landscapes, and ecosystems at local, regional, and global scales.<\/blockquote><\/figure>\n<p>Here in the United States, institutionalized racism has been adaptive and resilient since before the founding of the country. It has persisted despite a civil war, amendments to the U.S. Constitution, and changes in the country\u2019s laws and programs.<\/p>\n<p>And while progress has been made, institutionalized racism persists with very deep and widespread roots. The same is likely to be true in other societies based upon caste, colonization, or religion and manifest in their urban ecological systems.<\/p>\n<p>An \u201canti-\u201d approach in urban ecology depends upon tackling institutionalized systems of race, caste, colonialism, or religion as resilient systems. There is a profound and deep seriousness and meaning to this statement that is neither academic nor intellectual. It is an adaptive and resilient system and requires a wide variety of adaptive, systemic responses. Again, it is an adaptive system. It is also a complex system. While complicated and complex systems may have many parts, the interactions among the parts in complex systems are interdependent and involve feedbacks, non-linearities, thresholds, and uncertainties that are missing from a complicated system.<\/p>\n<p>Many of these interactions may appear\u00a0<em>prima facie<\/em> to be objective and unbiased. But that is how the prejudices of banal bureaucracies of governance can often work. When scrutinized further, the racist intent or at least racist outcomes of \u201cobjective\u201d rationales become manifest. For instance, the City of Baltimore had a history from the 1930s to 1970s of approving environmental zoning variances in \u201cdeteriorated\u201d neighborhoods and denying zoning variances in \u201cwell-kept\u201d neighborhoods. The rationale was that the value of deteriorated neighborhoods had already been reduced. Thus, the marginal harm was small. In contrast, the value of well-kept neighborhoods was high and the marginal harm would be great. The net result of this practice was the long-term concentration of polluting businesses in Black neighborhoods and protection of white neighborhoods in the city.<\/p>\n<p>An \u201canti-\u201d urban ecology is more than social interactions and ecological thinking. An \u201canti-\u201c urban ecology is to understand and act upon how these institutionalized systems alter the ecologies and interactions of species, populations, communities, landscapes, and ecosystems at local, regional, and global scales. Further, it is more than \u201cimpacts on\u201d ecological phenomena. An \u201canti-\u201c urban ecology is to conceive of and understand these types of ecologies and their interactions as active agents and narratives in social-ecological systems of institutionalized racism.<\/p>\n<p>Institutionalized systems of race, caste, colonialism, or religion will be a major challenge to climate change adaptation. Climate change creates societal disruptions, displacements, and migrations of human populations to new countries and from rural to urban areas. Resettlement to urban areas is often concentrated and segregated. In the United States, we have seen major migrations before from Scandinavia, Ireland, Italy, Eastern Europe, and from the South. All of those migrations resulted in fundamental, long-term restructuring of urban ecological systems. Over the next 30 years, it is unknown whether climate-driven migrations to urban areas will reinforce or reckon with institutionalized systems of prejudice.<\/p>\n<p>When one envisions success, how is it done and what does it look like? First, in order to create resilient systems that are good, we will need to learn from and disassemble resilient systems that are bad: race, caste, colonialism, or religion. Second, success for an \u201canti-\u201c urban ecology may need to be recast as a progressive urban ecology that supports universal human rights and self-determination. Recast from what one is against into declarations of what one is for. But does it look like assimilation into the existing, normative goals, processes, and appearances of the existing privileged peoples and places? Would that be success? Is this the reference for goal-setting and evaluation? Or, is there a different future that simultaneously dismantles the resilient parts, feedbacks, and adaptive capacities of institutionalized racism on one hand and builds new visions and systems of society that are resilient socially and economically and in the face of climate change? These types of questions will be fundamental to a progressive and universalist urban ecology.<\/p>\n<\/div><div class=\"answer\">\n<h3 id=\"Amanda\">Amanda K. Phillips de Lucas<\/h3>\n    <div class=\"wp-biographia-container-around\">\n        <div class=\"wp-biographia-pic\"><img alt='Amanda Phillips de Lucas' src='https:\/\/www.thenatureofcities.com\/TNOC\/wp-content\/uploads\/2020\/08\/Amanda-Phillips-headshot-copy-125x125.webp' srcset=\"https:\/\/www.thenatureofcities.com\/TNOC\/wp-content\/uploads\/2020\/08\/Amanda-Phillips-headshot-copy-250x250.webp 2x\" class='avatar avatar-125 photo wp-biographia-avatar' height='125' width='125' \/><\/div>\n        <div class=\"wp-biographia-text\">\n            <h3>about the writer<br>\n                <a href=\"https:\/\/www.thenatureofcities.com\/TNOC\/author\/amandaphillips\/\">Amanda Phillips de Lucas<\/a>\n            <\/h3>\n            <p>Amanda K. Phillips de Lucas is a Postdoctoral Research Associate at the Cary Institute of Ecosystem Studies. She received her Ph.D. in Science and Technology Studies from Virginia Tech in 2018. She is interested in how social understandings of space shape the production of infrastructure systems. Her research interests include the History of Technology, Infrastructure Studies, Political Theory, and Urban Environmental History. <\/p>\n        <\/div>\n    <\/div>\n    \n<p><strong>If I Had a Hammer\u2026<br \/>\n<\/strong><strong><em>Crafting the Right Tools for the Anti-Racist City<\/em><\/strong><\/p>\n<figure class=\"wp-block-pullquote\"><blockquote>As we plot out the path towards the anti-racist city, we must simultaneously amend the practices and procedures that have burdened others. We must begin to see the tools of our professions as enmeshed within multiple systems and structures. What we understand as a best practice may also result in the worst possible outcome for a community.<\/blockquote><\/figure>\n<p>A reckoning is emerging as scholars advance the projects of justice and equity within ecology and environmental studies. Academics and activists are naming the complex legacies of harm perpetrated by discriminatory policies, resource extraction in the name of economic growth, and racialized disinvestment.\u00a0Alongside documenting these legacies, it is necessary to explore how the tools used within the environmental disciplines are implicated in this history.<\/p>\n<p>To quote <a href=\"https:\/\/collectiveliberation.org\/wp-content\/uploads\/2013\/01\/Lorde_The_Masters_Tools.pdf\">Audre Lorde<\/a>, \u201cthe master\u2019s tools will never dismantle the master\u2019s house.\u201d These words weigh heavy as we consider strategies that address the environmental, economic, and social inequities built into cities. Positioning Lorde\u2019s invocation in the spirit of this roundtable \u2013 what if building the anti-racist city requires the abolition of environmental management as we know it?<\/p>\n<p>An example from Baltimore\u2019s history illustrates how the tools that support environmental management can simultaneously be used to curtail the project of social justice.<\/p>\n<p>During the \u201cfreeway revolts\u201d of the 1970s, lawsuits were a frequently utilized tactic to stop or delay the construction of urban interstates. The most successful cases challenged highway development through established parkland. These lawsuits followed the precedent set\u00a0by the Supreme Court in <a href=\"https:\/\/supreme.justia.com\/cases\/federal\/us\/401\/402\/\">Citizens to Preserve Overton Park v. Volpe<\/a><em>\u00a0<\/em>in 1971. This decision stated that \u201cprotection of parkland was to be given paramount importance\u201d in road placement.<\/p>\n<p>The privileged status of parkland simultaneously devalued residential land in highway routing decisions. In the case of Baltimore, the decision in\u00a0<em>Overton Park<\/em>\u00a0pitted activists concerned with preserving their homes, businesses, and local communities against the Sierra Club-sponsored VOLPE (Volunteers Opposing the Leakin Park Expressway). This division hindered the already tenuous attempts to develop a cross-neighborhood\u2014and thereby a multi-racial\u2014coalition opposed to the whole highway project.<\/p>\n<p>Lawyers for VOLPE were successful in getting a temporary injunction against the route through Leakin Park. The lawsuit relied on the new tools afforded to them through the\u00a0<em>Overton Park\u00a0<\/em>case and coincident policy changes. These tools, including the National Environmental Policy Act (NEPA), required public hearings, and environmental impact statements (EIS), were not useful to groups looking to preserve their homes and continue to live within the city.<\/p>\n<p>Judges hearing a lawsuit brought by the larger coalition of Baltimore highway activists\u2014a group called MAD\u2014ruled against the case on all counts. While MAD\u2019s lawyer <a href=\"https:\/\/law.justia.com\/cases\/federal\/district-courts\/FSupp\/361\/1360\/1602348\/\">used arguments <\/a><a href=\"https:\/\/law.justia.com\/cases\/federal\/district-courts\/FSupp\/361\/1360\/1602348\/\">successful<\/a> in the <em>Overton Park<\/em> and Leakin Park cases, the judges found that the public hearings and impact statement for the majority-Black and impoverished Franklin-Mulberry corridor in west Baltimore were adequate and did not necessitate additional environmental study. Since demolition in the corridor took place prior to any environmental study, the judges found that the site was already determined to be suitable for route placement. This ruling was made in spite of the <a href=\"https:\/\/estsjournal.org\/index.php\/ests\/article\/view\/327\">long history of racialized dispossession and disinvestment<\/a> that occurred in the corridor prior to the emergence of strengthened environmental protections.<\/p>\n<p>While MAD\u2019s case lost on procedural grounds, the tools afforded through environmental policy were an ill-fit definitionally as well. As the judges noted, injunctions should only be issued when projects are \u201cto prevent continuing work in areas that have already been changed in an environmental sense.\u201d They cite clear-cutting forests or dam-building activities as examples of environmental alteration \u2014 signaling a clear distinction between what we might now refer to as natural and built environments.<\/p>\n<p>The consequences of these inequitable legal and political tools are visible in Baltimore\u2019s landscape. The \u201chighway to nowhere\u201d divides west Baltimore while vacant row homes overlook the sunken, partially constructed interstate. Leakin Park sits just a few miles away, relatively undisturbed.<\/p>\n<p>As we plot out the path towards the anti-racist city, we must simultaneously amend the practices and procedures that have burdened others. Importantly, we must begin to see the tools of our professions as enmeshed within multiple systems and structures. What we understand as a best practice to achieve environmental preservation may also result in the worst possible outcome for a neighborhood, a resident, or a community.<\/p>\n<p>Change requires not only peeking outside of our disciplinary silos, but also challenging our notions of what natures, environments, and beings ought to be preserved, nurtured, and maintained.<\/p>\n<p>The project of the anti-racist city requires a heterogeneous set of tools. We must design these tools to serve and address the environmental problems communities deem most pressing. Developing this new toolkit necessitates the end of universal and top-down approaches to environmental management. Our task is one of humility. In this relinquishment is the kernel of liberation, an opportunity to remake our practices to address the problems and desires of those most in need.<\/p>\n<\/div><div class=\"answer\">\n<h3 id=\"Laura\">Laura Landau<\/h3>\n    <div class=\"wp-biographia-container-around\">\n        <div class=\"wp-biographia-pic\"><img alt='Laura Landau' src='https:\/\/www.thenatureofcities.com\/TNOC\/wp-content\/uploads\/2025\/06\/cropped-Laura-Landau-headshot_TNOC-min-scaled-1-125x125.jpg' srcset=\"https:\/\/www.thenatureofcities.com\/TNOC\/wp-content\/uploads\/2025\/06\/cropped-Laura-Landau-headshot_TNOC-min-scaled-1-250x250.jpg 2x\" class='avatar avatar-125 photo wp-biographia-avatar' height='125' width='125' \/><\/div>\n        <div class=\"wp-biographia-text\">\n            <h3>about the writer<br>\n                <a href=\"https:\/\/www.thenatureofcities.com\/TNOC\/author\/lauralandau\/\">Laura Landau<\/a>\n            <\/h3>\n            <p>Laura is an Assistant Professor of Political Science at CUNY Kingsborough Community College in Brooklyn, where she teaches U.S. Government and Environmental Politics. Her research focuses on post-disaster community organizing and the ability of grassroots movements to create local social and environmental transformation.<\/p>\n        <\/div>\n    <\/div>\n    \n<figure class=\"wp-block-pullquote\"><blockquote>Real transformation only happens when we examine issues of ownership and control in order to radically redistribute power. The good news is that many environmental groups are already showing us how to take these steps.<\/blockquote><\/figure>\n<p>Thanks to the work of environmental justice scholars and activists, we have long understood that the placement, quality, and safety of environmental resources are shaped by structural racism. This is often discussed in terms of distributional justice, or the equal distribution and maintenance of green and blue spaces. During COVID-19 in the United States, we saw first-hand how access to open space, the safest place to spend time in public during the pandemic, is inequitably distributed. Further, the events of summer 2020\u2014from the racialized police call on Christian Cooper to George Floyd\u2019s murder\u2014reminded us that even in public spaces, non-white bodies are not granted equal safety and freedom. These instances go beyond distributional justice to issues of procedural justice and interactional justice, which get at the inequitable decision-making processes and inclusivity within green and blue spaces.<\/p>\n<p>In order to work against the injustices that are so deeply embedded in our society, we have to acknowledge the ways in which our histories of colonization and slavery continue to shape our urban environments. This work begins with being explicitly anti-racist in our missions and actions. This includes speaking up and sharing statements in response to racist violence, conducting anti-bias trainings for staff, board members, and volunteers, taking a look at who is represented (and who is absent) in each of these roles and at all levels of the organization, and initiating dialogues to gather input on what needs to change.<\/p>\n<p>But the work does not end there. Real transformation only happens when we examine issues of ownership and control in order to radically redistribute power. The good news is that many environmental groups are already showing us how to take these steps.<\/p>\n<p>In the summer of 2020, along with my colleagues at the USDA Forest Service and the NYC Urban Field Station, I interviewed representatives from 34 civic environmental stewardship groups in New York City. These groups range from small informal neighborhood groups to citywide organizations, yet they share an intention to steward the local environment through land management, conservation, scientific monitoring, systems transformation, education, or advocacy. I found that stewards are already participating in anti-racism work in a wide variety of ways\u2014some just beginning to examine their relationships to environmental justice, but others thinking deeply and creatively about how to use their power and resources. For example, one steward shared her vision to connect and partner with an Indigenous community group and offer them ownership of a garden plot as a gesture to the <a href=\"https:\/\/landback.org\/\">LANDBACK<\/a> movement. In addition to allowing Indigenous stewardship of the land, this partnership could become a powerful education tool for the many school groups that come through the garden. Imagine if all of our conversations about environmental equity started from a place of acknowledging that the land we manage is stolen land. How might that change the way we think about environmental justice?<\/p>\n<p>Another group that stewards a neighborhood park was able to leverage their power to support protesters following the police murder of George Floyd. When they noticed that NYPD vehicles were surrounding the park during peaceful protests, they stepped in to communicate on behalf of the organizers and requested that no more police vans be sent. This seemingly simple step limited potentially violent action by police against protesters, and affirmed to the community that the park is a place where they should feel safe and protected.<\/p>\n<p>Finally, a number of stewardship groups led by women of color discussed the steps they are taking to gain ownership of their local food systems. They shared that food sovereignty and control of the food chain are essential to promoting the health and economic wellbeing of their communities. Efforts such as starting locally owned food co-ops and sliding scaled produce boxes have the potential to become long-term and sustainable interventions to address chronic issues like food apartheid. These shifts do not happen overnight, but they are nonetheless crucial seeds of change. If we learn from and support the efforts of groups like these, I trust that we will begin to see more new and creative projects that deepen the possibilities for anti-racist natural systems management.<\/div><div class=\"answer\">\n<h3 id=\"Isabelle\">Isabelle Anguelovski, Anna Livia Brand, Malini Ranganathan, Derek Hyra<\/h3>\n<div class=\"addon_bios\">\n    <div class=\"wp-biographia-container-around\">\n        <div class=\"wp-biographia-pic\"><img alt='Isabelle Michele Sophie Anguelovski' src='https:\/\/www.thenatureofcities.com\/TNOC\/wp-content\/uploads\/2021\/05\/IMG_1944-125x125.jpeg' srcset=\"https:\/\/www.thenatureofcities.com\/TNOC\/wp-content\/uploads\/2021\/05\/IMG_1944-250x250.jpeg 2x\" class='avatar avatar-125 photo wp-biographia-avatar' height='125' width='125' \/><\/div>\n        <div class=\"wp-biographia-text\">\n            <h3>about the writer<br>\n                <a href=\"https:\/\/www.thenatureofcities.com\/TNOC\/author\/isabelleanguelovski\/\">Isabelle Michele Sophie Anguelovski<\/a>\n            <\/h3>\n            <p>Isabelle Anguelovski is a Senior Researcher at the Institute for Environmental Science and Technology at the Universitat Aut\u00f2noma de Barcelona. She is a social scientist trained in urban and environmental planning and coordinator of the research line Cities and Environmental Justice.<\/p>\n        <\/div>\n    <\/div>\n    \n    <div class=\"wp-biographia-container-around\">\n        <div class=\"wp-biographia-pic\"><img alt='Anna Livia Brand' src='https:\/\/www.thenatureofcities.com\/TNOC\/wp-content\/uploads\/2021\/05\/Anna-Livia-Brand-125x125.jpg' srcset=\"https:\/\/www.thenatureofcities.com\/TNOC\/wp-content\/uploads\/2021\/05\/Anna-Livia-Brand.jpg 2x\" class='avatar avatar-125 photo wp-biographia-avatar' height='125' width='125' \/><\/div>\n        <div class=\"wp-biographia-text\">\n            <h3>about the writer<br>\n                <a href=\"https:\/\/www.thenatureofcities.com\/TNOC\/author\/annaliviabrand\/\">Anna Livia Brand<\/a>\n            <\/h3>\n            <p>Anna Livia Brand iis Assistant Professor of Landscape Architecture &amp; Environmental Planning in the College of Environmental Design at UC Berkeley. Her research focuses on the historical development and contemporary planning and landscape design challenges in Black mecca neighborhoods in the American North and South. <\/p>\n        <\/div>\n    <\/div>\n    \n    <div class=\"wp-biographia-container-around\">\n        <div class=\"wp-biographia-pic\"><img alt='Malini Ranganathan' src='https:\/\/www.thenatureofcities.com\/TNOC\/wp-content\/uploads\/2021\/05\/Malini-Ranganathan-125x125.jpg' srcset=\"https:\/\/www.thenatureofcities.com\/TNOC\/wp-content\/uploads\/2021\/05\/Malini-Ranganathan-250x250.jpg 2x\" class='avatar avatar-125 photo wp-biographia-avatar' height='125' width='125' \/><\/div>\n        <div class=\"wp-biographia-text\">\n            <h3>about the writer<br>\n                <a href=\"https:\/\/www.thenatureofcities.com\/TNOC\/author\/maliniranganathan\/\">Malini Ranganathan<\/a>\n            <\/h3>\n            <p>Malini Ranganathan is Associate Professor in the School of International Service at American University. An urban geographer by training, Dr. Ranganathan focuses on environmental inequities in the US and India.<\/p>\n        <\/div>\n    <\/div>\n    \n    <div class=\"wp-biographia-container-around\">\n        <div class=\"wp-biographia-pic\"><img alt='Derek Hyra' src='https:\/\/www.thenatureofcities.com\/TNOC\/wp-content\/uploads\/2021\/05\/Derek-Hyra-125x125.jpg' srcset=\"https:\/\/www.thenatureofcities.com\/TNOC\/wp-content\/uploads\/2021\/05\/Derek-Hyra-250x250.jpg 2x\" class='avatar avatar-125 photo wp-biographia-avatar' height='125' width='125' \/><\/div>\n        <div class=\"wp-biographia-text\">\n            <h3>about the writer<br>\n                <a href=\"https:\/\/www.thenatureofcities.com\/TNOC\/author\/derekhyra\/\">Derek Hyra<\/a>\n            <\/h3>\n            <p>Derek Hyra is Professor in the Department of Public Administration and Policy within the School of Public Affairs and Founding Director of the Metropolitan Policy Center at American University.<\/p>\n        <\/div>\n    <\/div>\n    \n<\/div>\n<p><strong>Decolonizing urban greening: \u00a0From white supremacy to emancipatory planning for public green spaces <\/strong><\/p>\n<figure class=\"wp-block-pullquote\"><blockquote>Decolonizing green city planning would involve prioritizing land recognition, redistribution, control, and reparations and developing new land arrangements as necessary to an environmentally just landscape.<\/blockquote><\/figure>\n<p>Recent conversations around (in) justice in urban greening and public green space planning highlight the multiple dimensions of displacement, including housing loss (Dooling 2009, Gould and Lewis 2017) and social-cultural erasure that can affect socially marginalized groups. In addition to displacement linked to new real estate developments and increased housing prices, research in the field of green gentrification shows that municipal and private greening interventions can undermine residents\u2019 sense of belonging in nature and their neighborhood and (re)produce erasure and trauma through socio-cultural and emotional loss (Anguelovski et al. 2020, Brand 2015).<\/p>\n<p>As we argue in a recent <a href=\"https:\/\/www.liebertpub.com\/doi\/full\/10.1089\/env.2021.0014\">article<\/a> (Anguelovski et al. 2021), exclusion and dispossession can also materialize when urban greening overlooks racialized minorities\u2019 experiences in what have been and are violent, discriminatory, and segregationist landscapes (Brown 2021, Finney 2014) and leave aside the ways in which racialized residents have been surveilled, criminalized, or coerced in public space (Ranganathan 2017). The murder of Armaud Arbery while jogging in 2020 in Georgia (USA) is only one illustration of this control and criminalization of Black bodies, as the Black Lives Matter movement and others call attention to.<\/p>\n<p>Some scholars even go as far as arguing that urban greening is increasingly representative of the socio-spatial practices of white supremacism (Bonds and Inwood 2016, Pulido 2017) and settler colonialism, including land grabbing and frontier-driven value capture (Safransky 2014, 2016, Dillon 2014). In the United States, for example, previously forgotten Black landscapes in Dallas (West Dallas), New Orleans (Trem\u00e9), San Francisco (Hunters Point) and Washington, DC (Anacostia) have been shown to suddenly acquire value for planners and developers aiming to create new green ventures and build luxury homes in the vicinity of restored waterfronts, greenways, multi-purpose parks, and so-called resilient shorelines (Anguelovski et al. 2021).<\/p>\n<p>Anacostia, in the Southeast section of Washington, DC, has long been an African American community. It was also a thriving business community before being impacted by urban renewal and public in the 1950s. Sixty years later, it is a new gentrification avenue, like much of Washington DC (Hyra and Prince 2015), much of it linked to new urban greening plans. In 2014, Anacostia received new attention when the New York City-based architecture firm OMA proposed its \u201cavant-garde\u201d plan for a $50-60 million green bridge \u2013 the <a href=\"https:\/\/oma.eu\/projects\/11th-street-bridge-park\">11<sup>th<\/sup> Street Bridge Park<\/a> \u2013 which is expected to improve physical and social connections between the two sides of the Anacostia River while improving recreational and green spaces.<\/p>\n<p>The 11<sup>th<\/sup> Street Bridge Park\u2019s is certainly envisioned with social equity at the center. Anchored around the <a href=\"https:\/\/bbardc.org\/wp-content\/uploads\/2018\/10\/Equitable-Development-Plan_09.04.18.pdf.\">2018 Equitable Development Plan<\/a> (EDP) led by the nonprofit Building Bridges across the River, the project does include resident-centered workforce training and development and support to revive local business on the local Martin Luther King Jr. Avenue. Those efforts reflect the fact that new green assets can be strongly associated with resident-centered economic development and income generating ventures in order to achieve environmental justice for racialized minorities. The EDP also includes a Douglass Community Land Trust (CLT) and community-controlled housing and business development. The CLT uses, among others, the provisions of the city\u2019s TOPA (Tenant Opportunity to Purchase Act) and DOPA (District Opportunity to Purchase Act), legislations and builds partnerships with local lenders and nonprofit developers (i.e., MANNA and LISC) for down payment assistance.<\/p>\n<p>However, in our views, the project overlooks the deep segregationist and exclusionary legacies of racial settlement, their ongoing manifestations, and risks of new white privilege. The broader developments and transformation that the project contributes to accelerate vulnerability to green gentrification and displacement, with new large-scale, high-end redevelopment projects such as <a href=\"https:\/\/www.bizjournals.com\/washington\/news\/2019\/03\/26\/with-soccer-stadium-built-d-c-looks-for-new.html\">Poplar Point<\/a> and <a href=\"https:\/\/dc.urbanturf.com\/articles\/tag\/reunion_square\">Reunion Square<\/a> already banking on the value of the bridge park for future investments. As a developer told us, the bridge park project is a \u201cfirst entry point. [\u2026] Our \u201cgoal [is to] go in early to emerging neighborhoods [\u2026] ready for redevelopment and to buy property and redevelop it and re-tenant it.\u201d Furthermore, while the CLT model is planned to secure permanent affordable housing, its pace and implementation structure is unlikely to address the deep and growing intergenerational and interracial wealth gap, nor secure permanent affordable rental housing to enough working-class residents living in a fast-gentrifying neighborhood.<\/p>\n<p>Much of the CLT is also financed by international finance groups such as Chase Bank likely attracted by the prospects of redevelopment and rebranding in Anacostia. In contrast, Black and workers-owned businesses and commercial ventures remain limited, thus further anchoring what some plantation economies in Anacostia. Last, even though the project uses cultural activities and artistic renderings to highlight \u00a0the racial past of the neighborhood, it also illustrates how enduring racialized economic inequalities allow a certain type of greening and sustainability to be deployed, activating \u201ccool\u201d and \u201cfun spaces, while risking invisibilizing and excluding dissonant or informal greening and land uses, as a resident shared with us: \u201c\u201cI will be good enough to serve you slurpies and hotdogs at the river festival, but not to live there.\u201d In that greening, more emancipatory proposals such as land reparations to address a legacy of extraction and loss also remain under-discussed.<\/p>\n<p>Our research thus illustrates is that the current development of 11<sup>th<\/sup> Street Bridge Park reinforces the false binary of urban greening (and eventual displacement) versus historic (and current) underinvestment while leaving green reparative justice limited. In contrast, decolonizing Green City planning would involve prioritizing land recognition, redistribution, control, and reparations and developing new land arrangements as necessary to an environmentally just landscape. It would also first mean to engage with the history of a multi-layered geography of dispossession and exclusion and include new cultural and symbolic recognitions of networks of resilience and care. It would allow for new institutional arrangements and the construction of alternative political power inspired in Black radical traditions. All in all, an anti-racist greening practice in the US and beyond would enact justice in newly amplified and life-affirming, emancipatory geographies for racialized groups.<\/p>\n<p><strong>References:<\/strong><\/p>\n<p class=\"EndNoteBibliography\"><span lang=\"ES-US\">Anguelovski, I., A. L. Brand, J. JT Connolly, E. Corbera, P. Kotsila, J. Steil, M. Garcia Lamarca, M. Triguero-Mas, H. Cole, F. Bar\u00f3, Langemeyer J., C. Perez del Pulgar, G. Shokry, F. Sekulova, and L. Arguelles. <\/span>2020. &#8220;Expanding the boundaries of justice in urban greening scholarship: Towards an emancipatory, anti-subordination, intersectional, and relational approach.&#8221;\u00a0 <i>Annals of the American Association of Geographers<\/i>.<\/p>\n<p class=\"EndNoteBibliography\">Anguelovski, I., A. L. Brand, M. Ranganathan, and D. Hyra. 2021. &#8220;Decolonizing the Green City: From environmental privilege to emancipatory green justice &#8221;\u00a0 <i>Environmental Justice<\/i>.<\/p>\n<p class=\"EndNoteBibliography\">Bonds, Anne, and Joshua Inwood. 2016. &#8220;Beyond white privilege: Geographies of white supremacy and settler colonialism.&#8221;\u00a0 <i>Progress in Human Geography<\/i> 40 (6):715-733.<\/p>\n<p class=\"EndNoteBibliography\">Brand, Anna Livia. 2015. &#8220;The most Complete Street in the world: A dream deferred and coopted.&#8221; In <i>Incomplete Streets: Processes, practices, and possibilities<\/i>, edited by J. Agyeman and S. Zavetoski, 245-266. Routledge.<\/p>\n<p class=\"EndNoteBibliography\">Brown, Lawrence T. 2021. <i>The Black Butterfly: The Harmful Politics of Race and Space in America<\/i>: JHU Press.<\/p>\n<p class=\"EndNoteBibliography\">Checker, Melissa. 2011. &#8220;Wiped Out by the \u201cGreenwave\u201d: Environmental Gentrification and the Paradoxical Politics of Urban Sustainability.&#8221;\u00a0 <i>City &amp; Society<\/i> 23 (2):210-229. doi: 10.1111\/j.1548-744X.2011.01063.x.<\/p>\n<p class=\"EndNoteBibliography\">Dillon, Lindsey. 2014. &#8220;Race, Waste, and Space: Brownfield Redevelopment and Environmental Justice at the Hunters Point Shipyard.&#8221;\u00a0 <i>Antipode<\/i> 46 (5):1205-1221. doi: 10.1111\/anti.12009.<\/p>\n<p class=\"EndNoteBibliography\">Dooling, Sarah. 2009. &#8220;Ecological Gentrification: A Research Agenda Exploring Justice in the City.&#8221;\u00a0 <i>International Journal of Urban and Regional Research<\/i> 33 (3):621-639.<\/p>\n<p class=\"EndNoteBibliography\">Finney, Carolyn. 2014. <i>Black faces, white spaces: Reimagining the relationship of African Americans to the great outdoors<\/i>: UNC Press Books.<\/p>\n<p class=\"EndNoteBibliography\">Gould, Kenneth A, and Tammy L Lewis. 2017. <i>Green Gentrification: Urban Sustainability and the Struggle for Environmental Justice<\/i>: Routledge.<\/p>\n<p class=\"EndNoteBibliography\">Hyra, Derek, and Sabiyha Prince. 2015. <i>Capital Dilemma: Growth and Inequality in Washington<\/i>: Routledge.<\/p>\n<p class=\"EndNoteBibliography\">Immergluck, Dan, and Tharunya Balan. 2018. &#8220;Sustainable for whom? Green urban development, environmental gentrification, and the Atlanta Beltline.&#8221;\u00a0 <i>Urban Geography<\/i> 39 (4):546-562.<\/p>\n<p class=\"EndNoteBibliography\">Pearsall, Hamil. 2010. &#8220;From brown to green? Assessing social vulnerability to environmental gentrification in New York City.&#8221;\u00a0 <i>Environment and Planning C<\/i> 28 (5):872-886.<\/p>\n<p class=\"EndNoteBibliography\">Pulido, Laura. 2017. &#8220;Geographies of race and ethnicity II: Environmental racism, racial capitalism and state-sanctioned violence.&#8221;\u00a0 <i>Progress in Human Geography<\/i> 41 (4):524-533.<\/p>\n<p class=\"EndNoteBibliography\">Ranganathan, Malini. 2017. &#8220;The environment as freedom: A decolonial reimagining.&#8221;\u00a0 <i>Social Science Research Council Items<\/i> 13.<\/p>\n<p class=\"EndNoteBibliography\">Safransky, Sara. 2014. &#8220;Greening the urban frontier: Race, property, and resettlement in Detroit.&#8221;\u00a0 <i>Geoforum<\/i> 56:237-248.<\/p>\n<p class=\"EndNoteBibliography\">Safransky, Sara. 2016. &#8220;Rethinking Land Struggle in the Postindustrial City.&#8221;\u00a0 <i>Antipode<\/i>.<\/p>\n<\/div><div class=\"answer\">\n<h3 id=\"Ebony\">Ebony Walden<\/h3>\n    <div class=\"wp-biographia-container-around\">\n        <div class=\"wp-biographia-pic\"><img alt='Ebony Walden' src='https:\/\/www.thenatureofcities.com\/TNOC\/wp-content\/uploads\/2025\/12\/VAHousingAlliance-Oct2024-139-scaled-125x125.jpg' srcset=\"https:\/\/www.thenatureofcities.com\/TNOC\/wp-content\/uploads\/2025\/12\/VAHousingAlliance-Oct2024-139-scaled-250x250.jpg 2x\" class='avatar avatar-125 photo wp-biographia-avatar' height='125' width='125' \/><\/div>\n        <div class=\"wp-biographia-text\">\n            <h3>about the writer<br>\n                <a href=\"https:\/\/www.thenatureofcities.com\/TNOC\/author\/ebonywalden\/\">Ebony Walden<\/a>\n            <\/h3>\n            <p>Ebony Walden is a writer, consultant, award-nominated filmmaker and travel enthusiast who has visited nearly 50 countries and all 50 U.S. states. She is the founder of Ebony Walden Consulting, an racial equity focused consulting firm and the creator of Black Beyond Borders, a web series and podcast highlighting culture, cuisine and repatriation experiences across the African diaspora. Ebony writes weekly at Beyond Borders, a newsletter focused on travel and transformation. When she is not in Senegal or traveling the globe, she lives in Richmond, Virginia.<\/p>\n        <\/div>\n    <\/div>\n    \n<p><strong>Nine elements of an anti-racist urban ecology<\/strong><\/p>\n<figure class=\"wp-block-pullquote\"><blockquote>We need more planners, environmentalists, institutional and civic leaders, across races and with a broad intersection of identities committed to confronting racism in urban ecology in an ongoing, diligent, and vigilant fashion to disrupt the status quo of white supremacy.<\/blockquote><\/figure>\n<p>The notion that everyone deserves access to nourishing built and natural environments regardless of their race (or any identity) should be built into the fundamentals of placemaking, but we know that in reality, it is quite the opposite. Racism in the United States has created a tale of two cities in most places, one white and thriving, the other black and brown and struggling. In Richmond Virginia, for example, there is a\u00a0<a href=\"https:\/\/www.wric.com\/news\/study-shows-life-expectancy-varies-drastically-across-rva\/\">20-year difference in life expectancy<\/a>\u00a0between one predominantly black neighborhood and another predominantly white neighborhood. Likewise, communities of color have\u00a0<a href=\"https:\/\/www.rvagreen2050.com\/what-is-rvagreen-2050\/#climate-equity\">less access to green space<\/a>, are more exposed to pollution, and are more likely to be impacted by extreme weather events due to climate change. If we are to move toward an urban environmental ecology where everyone has access to resources and opportunities, and there is equity in outcomes and participation, we need to be explicit about upending racism. Whether you call that advancing racial equity or anti-racism, what is necessary is that we are overt, action-oriented, and disruptive in thought, word, and deed.<\/p>\n<p>An anti-racist is actively conscious about race and racism and takes action to end racial inequities, not only in outcomes and processes but in our own biased perceptions and behaviors. If the goal of urban ecology is balance between people and our built and natural environments, then an anti-racist approach to urban ecology would be paying attention to and disrupting the ways racism has produced inequities in that balance, burdening people of color in the process.<\/p>\n<p>The\u00a0<a href=\"http:\/\/www.socialstudies.org\/sites\/default\/files\/publications\/se\/5806\/580605.html\">9 elements of an anti-racist education, developed by social science researchers Carol Tator and Frances Henry<\/a> in Canada, might give us (lay and professional environmentalists, urban planners, and civic leaders involved in placemaking) a starting place for achieving an anti-racist urban ecology. Applying their recommendations to cities might look like:<\/p>\n<ol>\n<li>Examining the historical roots and contemporary manifestations of racial prejudice and discrimination in cities and how those have and continue to manifest in our natural and built environments.<\/li>\n<li>Exploring the influence of race and culture in our own personal and professional attitudes and behavior.<\/li>\n<li>Identifying and counteracting bias and stereotyping in our communities and the organizations and institutions responsible for our environmental and brick and mortar placemaking.<\/li>\n<li>Dealing with racial tensions and conflicts that arise in our communities \u2014 around use, access to, and regulation of space. We need safe, inclusive, and culturally responsive spaces.<\/li>\n<li>Identifying appropriate anti-racist resources to incorporate into our urban and environmental planning education and practices.<\/li>\n<li>Developing new approaches to placemaking that take a diversity of ethnic and racial groups into consideration \u2014 using a\u00a0<a href=\"https:\/\/belonging.berkeley.edu\/targeteduniversalism\">targeted universalist <\/a>approach that centers BIPOC voices, leadership, and decision making.<\/li>\n<li>Developing equity assessments of new and existing policies, programs, procedures, and practices that shape the built and natural environments.<\/li>\n<li>Assessing the hidden narratives evident in environmental and placemaking efforts and institutions, making them more inclusive and reflective of a broad range of people and experiences.<\/li>\n<li>Ensuring that government and institutional policies, practices, and processes are consistent with equity goals and provide practitioners with the knowledge and skills to implement equity initiatives.<\/li>\n<\/ol>\n<p>An anti-racism approach to urban ecology must be proactive in uprooting racism in the structure and nature of our cities \u2014 in its people, places, processes, institutions, and our urban and environmental planning efforts. To do that, we need more planners, environmentalists, institutional, and civic leaders, across races and with a broad intersection of identities committed to confronting racism in urban ecology in an ongoing, diligent, and vigilant fashion to disrupt the status quo of white supremacy.<\/p>\n<\/div><div class=\"answer\">\n<h3 id=\"Sune\">Sun\u00e9 Stassen<\/h3>\n    <div class=\"wp-biographia-container-around\">\n        <div class=\"wp-biographia-pic\"><img alt='Sun\u00e9 Stassen' src='https:\/\/www.thenatureofcities.com\/TNOC\/wp-content\/uploads\/2021\/05\/Sune-125x125.png' srcset=\"https:\/\/www.thenatureofcities.com\/TNOC\/wp-content\/uploads\/2021\/05\/Sune-250x250.png 2x\" class='avatar avatar-125 photo wp-biographia-avatar' height='125' width='125' \/><\/div>\n        <div class=\"wp-biographia-text\">\n            <h3>about the writer<br>\n                <a href=\"https:\/\/www.thenatureofcities.com\/TNOC\/author\/sunestassen\/\">Sun\u00e9 Stassen<\/a>\n            <\/h3>\n            <p>Sun\u00e9 is the co-founder, custodian and CEO of Open Design Afrika, a social enterprise and not for profit company. She is a designer, impact entrepreneur, design activist and educator who strongly believes in the power of creativity as a change agent and catalyst to drive and scale systemic change, and to develop a future-making culture who can confidently add value to the greater good, drive the UN SDG\u2019s agenda and contribute to the design of regenerative economies, thriving communities and flourishing environments. <\/p>\n        <\/div>\n    <\/div>\n    \n<p><strong>Designing thriving urban ecologies for 10,000 generations and more<\/strong><\/p>\n<figure class=\"wp-block-pullquote\"><blockquote>We at Open Design Afrika believe that collaborative Creative Intelligence is a SUPER POWER! We also believe that every child and citizen should have the right to develop it and be empowered to confidently contribute to the future-making of a world we can ALL feel proud to live, work and play in.<\/blockquote><\/figure>\n<p>As a designer I always look at our manmade world through a design lens with the human race at the helm as the chief designer. For generations we have successfully engineered a very destructive and unjust world for living in.<\/p>\n<p>The current Global Pandemic sharply heightened our awareness of thriving inequalities and how everything in this world is connected \u201cfrom the sunflower to the sunfish\u201d, as boldly expressed by Richard Williams also known as Prince EA\u201d, a spoken word artist and civil rights activist, in his epic video titled \u201cMan vs Earth\u201d, a highly recommended video that cuts to the bone, puts things into perspective and breaks down complexities into basic building blocks, vital to ignite, escalate and sustain real systemic change.<\/p>\n<p>Humanity\u2019s inability to systemically approach the design of our manmade world, has captured and disabled global populations from prospering and confidently contributing as future makers.<\/p>\n<p>The triple bottom line\u2014 People, Planet, and the Economy\u2014forms the foundation of this design process. Disregarding people and planet had a devastating ripple effect felt by generations. This resulted into a serious disconnect across all levels of society, in business, government and in our environments. History has proven that without a holistic and systemic approach it is not possible to create a conducive environment where ecologies can flourish and a prosperous value chain can be developed that is beneficial to all. At best, the legacy of the human race has been a world that is in constant survival mode,<\/p>\n<p>Today far too many show the scars of the unjust global culture we have engineered, but as an intelligent species I strongly believe that we are equally capable of designing the exact opposite if change is driven through wisdom instead.<\/p>\n<p><strong>Observations<\/strong><\/p>\n<p>Why do we continue to reinvent the wheel with solutions less impactful and sustainable? As the top designer of ecologies, Nature boasts with the most impressive portfolio of successful models, processes, and systems that stretch across 3,8 billion years which allows all living organisms no matter their size, to flourish. It will be very wise to learn from Nature and implement these learnings across education, in society and across all other sectors. We must learn from nature how to approach our manmade world as a holistic design challenge and aim to develop strategies that will impact and allow humanity to thrive for 10,000 generations and more &#8211; THE SAME WAY NATURE DOES. This I believe is the greatest legacy worth aspiring too.<\/p>\n<p>Education shapes the fabric of society and to date it has been a significant contributor to inequalities.\u00a0 The education we have experienced across generations did not optimize participation and the opportunity for ALL children to develop their full potential. It certainly did not enable society with <strong>FUTURE-MAKING LIFE SKILLS<\/strong>. Developing Creative Intelligence through creativity, phenomenon-based learning, play, AND STEAM education democratises participation and optimise the learning experience and the development of crucial future-making skills in <strong>ALL CHILDREN and across <\/strong>all levels of society. This I believe will be a great start to address <strong>the skill shortage of the past, and shape the foundation to start transforming society into a more prosperous world that\u2019s beneficial to all.<\/strong><\/p>\n<p>The Fourth Industrial Revolution suggests unique and exciting opportunities for large-scale transformation to achieve and uphold the UN SDG\u2019s. Yet a symbiotic relationship between man and machine is crucial to succeed. Priority investment in technology and tech skills without EQUAL investment in Creative Intelligence, is not driving and serving this agenda<strong>. This includes future-making skills like empathy, creativity, emotional intelligence, critical thinking, complex problem solving, judgement, decision making and collaboration that <\/strong>defines and differentiate us from the machine \u2013 it\u2019s our ONLY competitive advantage. Other investments will proof to be short-lived without investing in appropriate social and human capital that can uphold, maintain, and drive future prosperity.<\/p>\n<p>Albert Einstein once said: \u201cImagination is more important than knowledge. Knowledge is limited but Imagination encircles the world\u201d and I could not agree more.<strong>\u00a0<\/strong><\/p>\n<p><span lang=\"EN-US\">Imagine the immense added value and ripple effect on our future economies, environments, and communities if Empathy and Emotional Intelligence guided all our decisions, in government, as leaders, and in civil society. <\/span>Creative Intelligence will develop the human qualities and social capital that\u2019s needed to drive and build the just and equitable society we should strive to design.<\/p>\n<p>At Open Design Afrika we believe that collaborative Creative Intelligence is a SUPER POWER! We also believe that every child and citizen should have the right to develop it and be empowered to confidently contribute to the future-making of a world we can ALL feel proud to live, work, and play in.<\/p>\n<p>Watch Open Design Afrika\u2019s message to the world:<\/p>\n<p><iframe loading=\"lazy\" title=\"Open Design Afrika&#039;s Global Design Brief\" width=\"500\" height=\"281\" src=\"https:\/\/www.youtube.com\/embed\/hTTKrexaIdo?feature=oembed\" frameborder=\"0\" allow=\"accelerometer; autoplay; clipboard-write; encrypted-media; gyroscope; picture-in-picture; web-share\" referrerpolicy=\"strict-origin-when-cross-origin\" allowfullscreen><\/iframe><\/p>\n<\/div><div class=\"answer\">\n<h3 id=\"Diana\">Diana Wiesner Ceballos<\/h3>\n    <div class=\"wp-biographia-container-around\">\n        <div class=\"wp-biographia-pic\"><img alt='Diana Wiesner' src='https:\/\/www.thenatureofcities.com\/TNOC\/wp-content\/uploads\/2025\/12\/IMG_1613-125x125.jpeg' srcset=\"https:\/\/www.thenatureofcities.com\/TNOC\/wp-content\/uploads\/2025\/12\/IMG_1613-250x250.jpeg 2x\" class='avatar avatar-125 photo wp-biographia-avatar' height='125' width='125' \/><\/div>\n        <div class=\"wp-biographia-text\">\n            <h3>about the writer<br>\n                <a href=\"https:\/\/www.thenatureofcities.com\/TNOC\/author\/dianawiesner\/\">Diana Wiesner<\/a>\n            <\/h3>\n            <p>Diana Wiesner, activist, architect, and landscape designer based in Bogot\u00e1, is recognized for her leadership in socio-ecological issues and innovative approaches to urban ecology and landscape architecture. Founder of her own practice and director of Fundaci\u00f3n Cerros de Bogot\u00e1, she promotes environmental awareness, citizen participation, and preservation of natural systems.<\/p>\n        <\/div>\n    <\/div>\n    \n<p><em><a href=\"#DW-ENG\">(Read this in English.)<\/a><\/em><\/p>\n<figure class=\"wp-block-pullquote\"><blockquote>Nos preguntamos d\u00f3nde y en cu\u00e1ntas calles de las urbes colombianas rendimos tributo a nuestros paisajes, a los pueblos originarios o a los ind\u00edgenas? Nuestras plazas est\u00e1n repletas de monumentos de una Espa\u00f1a que arras\u00f3 con poblaciones y ecosistemas. <\/blockquote><\/figure>\n<p><strong>Sobre identidad y dualidad<\/strong><\/p>\n<p>Entender las realidades de la desigualdad de cada rinc\u00f3n de Colombia es dif\u00edcil, desde la vida campesina del p\u00e1ramo de Sumapaz hasta las vivencias de los ind\u00edgenas urbanos. Su comprensi\u00f3n se suscribe \u00fanicamente a lo poco que conocemos o a aquello que nos cuentan, en sus t\u00e9rminos, los medios de comunicaci\u00f3n. Hay una gran cantidad de matices para interpretarlas.<\/p>\n<figure id=\"attachment_46759\" aria-describedby=\"caption-attachment-46759\" style=\"width: 250px\" class=\"wp-caption alignright\"><a href=\"https:\/\/www.thenatureofcities.com\/2021\/06\/07\/beyond-equity-what-does-an-anti-racist-urban-ecology-look-like\/image002-60\/\" rel=\"attachment wp-att-46759\"><img loading=\"lazy\" decoding=\"async\" class=\"wp-image-46759\" src=\"https:\/\/www.thenatureofcities.com\/TNOC\/wp-content\/uploads\/2021\/05\/image002.png\" alt=\"\" width=\"250\" height=\"306\" srcset=\"https:\/\/www.thenatureofcities.com\/TNOC\/wp-content\/uploads\/2021\/05\/image002.png 262w, https:\/\/www.thenatureofcities.com\/TNOC\/wp-content\/uploads\/2021\/05\/image002-82x100.png 82w\" sizes=\"auto, (max-width: 250px) 100vw, 250px\" \/><\/a><figcaption id=\"caption-attachment-46759\" class=\"wp-caption-text\">Un grupo de ind\u00edgenas Misak, usando cuerdas, derriban una estatua del espa\u00f1ol Sebasti\u00e1n de Belalc\u00e1zar, que estaba ubicada en el Morro de Tulc\u00e1n. Imagen tomada de: Casa Fractal Cali. Abril 2021<\/figcaption><\/figure>\n<p>Lo que est\u00e1 sucediendo actualmente en Colombia representa un pa\u00eds encendido de dolores. Por una parte, ind\u00edgenas y ciudadanos derriban monumentos como el de los fundadores de Bogot\u00e1 y de Cali, que para ellos son s\u00edmbolos del colonialismo. \u00abReivindican la memoria de sus ancestros asesinados y esclavizados por las \u00e9lites. Tambi\u00e9n [los desmontan] en se\u00f1al de protesta por las amenazas que han recibido\u00bb, dicen los medios. Lo que para los ind\u00edgenas es un acto de dignidad, para otros es un hecho vand\u00e1lico y violento. La estatua de Sebasti\u00e1n de Belalc\u00e1zar, fundador de Cali, fue construida en el morro de Tulc\u00e1n, sobre un cementerio precolombino.<\/p>\n<p>Los expertos en la conservaci\u00f3n del patrimonio cuestionan estas acciones pues este tiene que ver con una historia com\u00fan, no con un momento reciente sino con uno precedente. Pero, a la vez, tambi\u00e9n lo reconocen como veh\u00edculo de narrativas incompletas que deben debatirse. Su representaci\u00f3n no refleja la pluralidad de la vida y de la diversidad. Esto explica porqu\u00e9 la violencia contra s\u00edmbolos culturales, ejercida por distintos sectores de la sociedad, ha sido recurrente en la historia de la humanidad.<\/p>\n<p>Para algunos, derrumbar monumentos significa borrar huellas y argumentos que sirven para reinterpretar la historia. Estamos viviendo una nueva relaci\u00f3n con estos elementos que llegan a reflejar ciertas identidades incompletas.<\/p>\n<p>Nos preguntamos d\u00f3nde y en cu\u00e1ntas calles de las urbes colombianas rendimos tributo a nuestros paisajes, a los pueblos originarios o a los ind\u00edgenas. Nuestras plazas est\u00e1n repletas de monumentos de una Espa\u00f1a que arras\u00f3 con poblaciones y ecosistemas. Muchas personas proponen que la mayor\u00eda de estos monumentos deber\u00edan exhibirse en los museos, como parte de la historia. El debate est\u00e1 abierto.<\/p>\n<figure id=\"attachment_46760\" aria-describedby=\"caption-attachment-46760\" style=\"width: 474px\" class=\"wp-caption aligncenter\"><a href=\"https:\/\/www.thenatureofcities.com\/2021\/06\/07\/beyond-equity-what-does-an-anti-racist-urban-ecology-look-like\/image003-62\/\" rel=\"attachment wp-att-46760\"><img loading=\"lazy\" decoding=\"async\" class=\"wp-image-46760 size-full\" src=\"https:\/\/www.thenatureofcities.com\/TNOC\/wp-content\/uploads\/2021\/05\/image003.jpg\" alt=\"\" width=\"474\" height=\"299\" srcset=\"https:\/\/www.thenatureofcities.com\/TNOC\/wp-content\/uploads\/2021\/05\/image003.jpg 474w, https:\/\/www.thenatureofcities.com\/TNOC\/wp-content\/uploads\/2021\/05\/image003-100x63.jpg 100w\" sizes=\"auto, (max-width: 474px) 100vw, 474px\" \/><\/a><figcaption id=\"caption-attachment-46760\" class=\"wp-caption-text\">Gonzalo Fuenmayor. The Unexpected Guest &#8211; Special Edition Faena Collection, 2017. Tomado de la exposici\u00f3n \u00abMitolog\u00edas Tropicales del artista colombiano Gonzalo Fuenmayor\u00bb, llevada a cabo en el Museum of Fine Arts de Boston.<\/figcaption><\/figure>\n<p>En esta ruptura interpretativa de s\u00edmbolos colonialistas nos cuestionamos tambi\u00e9n el hecho de haber borrado muchos de los trazados de asentamientos palat\u00edficos y agr\u00edcolas de nuestros ancestros, posiblemente m\u00e1s ligados a la naturaleza. Un buen ejemplo de ello son los de la sociedad muisca en los camellones del r\u00edo Bogot\u00e1.<\/p>\n<p>\u00bfCu\u00e1l es, entonces, la leg\u00edtima representatividad? Si en lugar de las ordenanzas de las Indias \u2014en las que el damero pasaba por encima de las geograf\u00edas onduladas\u2014 las ciudades se hubieran estructurado desde las cuencas y desde la naturaleza, tal vez el resultado hubiesen sido trazados y ciudades org\u00e1nicas, con otras jerarqu\u00edas y otros \u00abdes\u00f3rdenes\u00bb. \u00bfAcaso ese orden-desordenado o el nuevo orden que reclamamos \u2014basado en soluciones que tienen como eje la naturaleza\u2014 ser\u00e1 reflejo de sociedades m\u00e1s democr\u00e1ticas y equitativas o que quieren llegar a serlo?<\/p>\n<p>Colombia es, en efecto, un conjunto superpuesto de estas dualidades: espa\u00f1oles-ind\u00edgenas, naturaleza-no naturaleza, entre otras; sin embargo, lo m\u00e1s probable es que nos reconozcamos en una sola de esas miradas.<\/p>\n<p>Dec\u00eda Fernando Pati\u00f1o, l\u00edder de la Fundaci\u00f3n R\u00edos y Ciudades, que habr\u00eda que \u00abso\u00f1ar con nuevos s\u00edmbolos para este pa\u00eds tan golpeado por una violencia que ya tiene m\u00e1s a\u00f1os que nosotros, la generaci\u00f3n de la mitad del siglo veinte\u00bb. Y, en efecto, son los r\u00edos, las monta\u00f1as y los vestigios de humedales \u2014madre viejas\u2014 los que deber\u00edan ser nuevos s\u00edmbolos de uni\u00f3n, sin necesidad de levantarles un pedestal.<\/p>\n<p>Bastar\u00eda con permanecer en profundo sentimiento de respeto y afecto al encuentro sagrado de las neblinas, las cordilleras y las aguas. El patrimonio de la vida. El respeto y el honor a todo aquello que lo representa, sin formalismos, deber\u00eda ser la leg\u00edtima representatividad de los territorios.<br \/>\n<a name=\"DW-ENG\"><\/a><\/p>\n<h3 style=\"text-align: center;\">* * *<\/h3>\n<p><strong>On identity and duality<\/strong><\/p>\n<figure class=\"wp-block-pullquote\"><blockquote>Let us ask: where, and in how many streets of Colombian cities do we pay tribute to our landscapes, native peoples, or indigenous people? Our plazas are full of monuments to a Spain that razed populations and ecosystems.<\/blockquote><\/figure>\n<p>It is difficult to understand the realities of inequality across Colombia, from the peasant life of the Sumapaz p\u00e1ramo to the experiences of urban indigenous people. Our understanding is limited to the little we know or what we are told by the media, in their terms. There are a lot of nuances that make interpretation difficult.<\/p>\n<p>What is currently happening in Colombia represents a country ablaze with pain. On the one hand, indigenous people and citizens are tearing down monuments such as those of the founders of Bogota and Cali, which for them are symbols of colonialism. &#8220;By destroying the statues, they vindicate the memory of their ancestors murdered and enslaved by the elites. They also [dismantle them] as a sign of protest for the threats they have received,&#8221; say the media. What for the indigenous is an act of dignity, for others is an act of vandalism and violence. The statue of Sebasti\u00e1n de Belalc\u00e1zar, founder of Cali, was built on the hill of Tulc\u00e1n, on top of a pre-Columbian cementery.<\/p>\n<figure id=\"attachment_46761\" aria-describedby=\"caption-attachment-46761\" style=\"width: 250px\" class=\"wp-caption alignright\"><a href=\"https:\/\/www.thenatureofcities.com\/?attachment_id=46761\" rel=\"attachment wp-att-46761\"><img loading=\"lazy\" decoding=\"async\" class=\"wp-image-46761\" src=\"https:\/\/www.thenatureofcities.com\/TNOC\/wp-content\/uploads\/2021\/05\/image002-1.png\" alt=\"\" width=\"250\" height=\"306\" srcset=\"https:\/\/www.thenatureofcities.com\/TNOC\/wp-content\/uploads\/2021\/05\/image002-1.png 262w, https:\/\/www.thenatureofcities.com\/TNOC\/wp-content\/uploads\/2021\/05\/image002-1-82x100.png 82w\" sizes=\"auto, (max-width: 250px) 100vw, 250px\" \/><\/a><figcaption id=\"caption-attachment-46761\" class=\"wp-caption-text\">A group of Misak Indians, using ropes, pull down a statue of the Spanish Sebasti\u00e1n de Belalc\u00e1zar, which was located in the Morro de Tulc\u00e1n. Image taken from: Casa Fractal Cali. April 2021<\/figcaption><\/figure>\n<p>Experts in heritage conservation question these actions because the statues reflect a common history; not a recent moment but a preceding one. But, at the same time, they also recognize the statues as vehicles for incomplete narratives that must be debated. Their representations do not reflect the plurality of life and diversity. This explains why violence against cultural symbols, exercised by different sectors of society, has been recurrent in human history.<\/p>\n<p>For some, tearing down monuments means erasing traces and arguments that serve to misrepresent history. We are living a new relationship with these elements that come to reflect certain incomplete identities.<\/p>\n<p>Let us ask: where, and in how many streets of Colombian cities, do we pay tribute to our landscapes, native peoples, or indigenous people. Our plazas are full of monuments to a Spain that razed populations and ecosystems. Many people propose that most of these monuments should be exhibited in museums, as part of history, not honored in city squares. The debate is open.<\/p>\n<figure id=\"attachment_46762\" aria-describedby=\"caption-attachment-46762\" style=\"width: 474px\" class=\"wp-caption aligncenter\"><a href=\"https:\/\/www.thenatureofcities.com\/2021\/06\/07\/beyond-equity-what-does-an-anti-racist-urban-ecology-look-like\/image003-63\/\" rel=\"attachment wp-att-46762\"><img loading=\"lazy\" decoding=\"async\" class=\"wp-image-46762 size-full\" src=\"https:\/\/www.thenatureofcities.com\/TNOC\/wp-content\/uploads\/2021\/05\/image003-1.jpg\" alt=\"\" width=\"474\" height=\"299\" srcset=\"https:\/\/www.thenatureofcities.com\/TNOC\/wp-content\/uploads\/2021\/05\/image003-1.jpg 474w, https:\/\/www.thenatureofcities.com\/TNOC\/wp-content\/uploads\/2021\/05\/image003-1-100x63.jpg 100w\" sizes=\"auto, (max-width: 474px) 100vw, 474px\" \/><\/a><figcaption id=\"caption-attachment-46762\" class=\"wp-caption-text\">Gonzalo Fuenmayor. The Unexpected Guest &#8211; Special Edition Faena Collection, 2017. Taken from the exhibition &#8220;Tropical Mythologies by Colombian artist Gonzalo Fuenmayor,&#8221; held at the Museum of Fine Arts, Boston.<\/figcaption><\/figure>\n<p>In this interpretative rupture of colonialist symbols, let us also recognize the fact that we have erased many of the palatial and agricultural settlements of our ancestors, which are closely linked to nature. A good example of this are settlements of the Muisca society on the banks of the Bogota River.<\/p>\n<p>What is, then, the legitimate representation of people or territory? If instead of the ordinances of the Indies\u2014in which the urban checkerboards reflected the undulating political and colonial geographies\u2014the cities had been structured to reflect the indigenous origins and nature, perhaps the result would have been organic layouts and cities, with other hierarchies and different &#8220;disorders&#8221;. Will such disorderly order, or the new order that we demand based on solutions that have nature as their axis, be a reflection of more democratic and equitable societies, or societies that want to become more democratic and equitable?<\/p>\n<p>Colombia is indeed an overlapping set of dualities: of Spanish and indigenous; of nature and non\u2013nature among others. The probably is that we only recognize one side of these half\u2019s.<\/p>\n<p>Fernando Pati\u00f1o, Rios y Ciudades Foundation chair, said that we should &#8220;dream of new symbols for this country so battered by a violence that is already older than us, the generation of the mid-twentieth century&#8221;. And, indeed, it is the rivers, the mountains, and the vestiges of wetlands\u2014our ancient mothers\u2014that should be new symbols of union, without the need to erect pedestals for them.<\/p>\n<p>It would be enough to remain in a deep feeling of respect and affection for the sacred meeting of the mists, the mountain ranges, and the waters\u2014the heritage of life. The respect and honor to everything that represents it, without formalisms, should be the legitimate representation of the territories.<\/p>\n<\/div><div class=\"answer\">\n<h3 id=\"Cindy\">Cindy Thomashow<\/h3>\n    <div class=\"wp-biographia-container-around\">\n        <div class=\"wp-biographia-pic\"><img alt='Cindy Thomashow' src='https:\/\/www.thenatureofcities.com\/TNOC\/wp-content\/uploads\/2021\/05\/Cindy-1-125x125.jpg' srcset=\"https:\/\/www.thenatureofcities.com\/TNOC\/wp-content\/uploads\/2021\/05\/Cindy-1.jpg 2x\" class='avatar avatar-125 photo wp-biographia-avatar' height='125' width='125' \/><\/div>\n        <div class=\"wp-biographia-text\">\n            <h3>about the writer<br>\n                <a href=\"https:\/\/www.thenatureofcities.com\/TNOC\/author\/cindythomashow\/\">Cindy Thomashow<\/a>\n            <\/h3>\n            <p>Cynthia Thomashow was the Founding Director and is now the Academic Director of the graduate program in Urban Environmental Education at IslandWood and Antioch University Seattle.  <a href=\"https:\/\/islandwood.org\/graduate-programs\/urban-environmental-education-maed-seattle\" rel=\"noopener\" target=\"_blank\">https:\/\/islandwood.org\/graduate-programs\/urban-environmental-education-maed-seattle<\/a><\/p>\n        <\/div>\n    <\/div>\n    \n<figure class=\"wp-block-pullquote\"><blockquote>Natural systems are putty in the hands of city planners and the wealthy. Intentional inequities, more frequently than not, shape cities. UEE builds the leadership skills that support change-making focused on fairness, equity, and justice.<\/blockquote><\/figure>\n<p>Antiracist thinking applied to the urban matrix means that we commit to making unbiased, equitable choices about the ways that water and air, roads and buildings, plants, and animals, as well as humans, are considered in city planning. It is not as simple as it may sound. The equitable management of natural systems in Seattle, for example, deeply intersects with its politics, cultural and class matrix, racial and ethnic make-up, economics, and entrepreneurial dreams.<\/p>\n<p>Power belongs mostly to people who have money. Most often, those who are impacted the most, have little say in the matter. Unless you understand how the policies that govern growth are created, it is easy to become a victim of someone else\u2019s desire. The disenfranchised are often not involved in decision-making unless advocates make it so. The graduate program I designed (Urban Environmental Education M.A.Ed. at Antioch University Seattle) prepares our students to understand and respond to these issues. Who benefits and who doesn\u2019t from the impact of growth on natural systems? What species gain or lose a survival advantage? What humans benefit or are deprived of health and well-being? How do we learn to navigate the rights of all in fair and just ways?<\/p>\n<p>Natural systems are as complex as they are necessary, which we forget sometimes in our hurry to develop places for the comfort of humans. It is amazing how natural systems and their inhabitants continue to adapt amid the chaos and change. Coyotes wandering the streets of cities at night. Racoons are in trashcans. Rats find new homes when buildings are razed. Plants taking refuge in the cracks of sidewalks. Water runs wherever a track can be found. So how do we to apply antiracist thinking to natural systems in the urban matrix?<\/p>\n<p>I tried something different in my graduate class 10 years ago to better understand this complex dynamic. Students were challenged to think about the conservation of natural systems in urban places by radically shifting their perspective. I\u2019ve used it since with great success. First, we walk the streets or the land with observational intention, making notes and maps and taking the time to know all of a place. We use a technique from <u>On Looking<\/u> by Horowitz, taking multiple routes through a neighborhood as an insect or animal, a young child or disabled adult. \u00a0\u00a0Students step aside from their human identity and represent another life-form or aspect of place: topography, air, water, soil. Students research how and why different species, habitats, people would be impacted by development. In the end, a trial is held. Each student testifies from the adopted perspective: trees, animals, water, soil, humans. The resulting designs for development are unique and inclusive. Taking the time to consider equitably how each vested interest will fare from the new structural development stimulates creative thinking and a unique plan for the future of each place.<\/p>\n<p>If we listen carefully to community members about how the city manages natural systems, we often find that residents know clearly and deeply about the impact that policies have on the natural systems impacting their health and wellbeing as well as their access. They know from experience how natural systems have been altered, destroyed or improved. The impact of policies are revealed through their stories, their concerns and their perspectives. Green spaces in cities supposedly benefit everyone. Except that, green spaces often raise property values and become expensive, more exclusive, and less accessible to \u201ceveryone\u201d. \u00a0Following one of our \u2018walks\u2019 through the city, a student of mine noticed a subtle divide between public and private use of the garden space.<\/p>\n<p>\u201cI was here today with my Urbanizing Environmental Education class to examine the natural and social forces that shape contemporary Seattle. This walk around Belltown sparked a reading from the Urban Ecology class on the history of Seattle and the tensions between public and private that have plagued the city since its beginnings.\u00a0 Using this block as an example, known as the Cistern Steps, we walked a series of terraced plantings designed to clean rainwater as it travels through the city.\u00a0 These green terraced plantings echo the emerald rice fields of SE Asia. The steps are a haven of food and shelter for local wildlife. I was taken by the beauty and function until I noticed that they are \u201csteps\u201d.\u00a0 Meaning that anyone not able to walk or using wheels are banned. Here is a community-based project built on a public city block, that is not accessible to everyone. Plus, the sharp features embedded in the walkway by the expensive apartment dwellers abutting, made it impossible to sit or lay down. What is the line between public and private and who benefits in the end?\u201d\u00a0 (Melani Baker, UEE 2016)<\/p>\n<p>The Urban Environmental Education M.A.Ed. focuses on urban ecology through the lens of equity and inclusion, justice and leadership. We are out on the streets asking questions: Where and how is water directed through neighborhoods and why? What is the line between public space and private control\u2026and who does each serve? Which neighborhoods are most impacted by air quality? How is stormwater runoff managed? Who benefits from tree canopy?\u00a0 How is wildlife managed? Where do the homeless find safe harbor?<\/p>\n<p>The UEE approach deliberately integrates the study of systemic racism and the resulting policies and practices that govern the growth of cities. When the truth emerges, it becomes pretty clear who is in charge and who benefits from the decisions. Natural systems are putty in the hands of city planners and the wealthy. Intentional inequities, more frequently than not, shape cities. UEE builds the leadership skills that support change-making focused on fairness, equity, and justice. This means getting out into communities that are experiencing inequity and listening. It also means advocating for changes in the process of creating policies so that they are more inclusive. It means learning to use participatory action research so that everyone has a say and widely diverse perspectives are gathered. As Alicia Garza says in <em>The Purpose of Power<\/em><u>:<\/u><\/p>\n<blockquote><p>\u201cOur wildly varying perspectives are not just a matter of aesthetic or philosophical or technological concern. They also influence our understanding of how change happens, for whom change is needed, acceptable methods of making change, and what kind of change is possible.\u201d<br \/>\n\u2014 Alicia Garza, <em>The Purpose of Power<\/em>, One World, 2020, page 5<\/p><\/blockquote>\n<\/div><div class=\"answer\">\n<h3 id=\"Hita\">Hita Unnikrishnan and Amrita Sen<\/h3>\n<div class=\"addon_bios\">\n    <div class=\"wp-biographia-container-around\">\n        <div class=\"wp-biographia-pic\"><img alt='Hita Unnikrishnan' src='http:\/\/www.thenatureofcities.com\/TNOC\/wp-content\/uploads\/2015\/01\/Hita-Unnikrishnan_avatar_1420480235.jpg' srcset=\"https:\/\/www.thenatureofcities.com\/TNOC\/wp-content\/uploads\/2015\/01\/Hita-Unnikrishnan_avatar_1420480235.jpg 2x\" class='avatar avatar-125 photo wp-biographia-avatar' height='125' width='125' \/><\/div>\n        <div class=\"wp-biographia-text\">\n            <h3>about the writer<br>\n                <a href=\"https:\/\/www.thenatureofcities.com\/TNOC\/author\/hitaunnikrishnan\/\">Hita Unnikrishnan<\/a>\n            <\/h3>\n            <p>Dr. Hita Unnikrishnan is an Assistant Professor at The Institute for Global Sustainable Development, The University of Warwick. Hita\u2019s research interests lie in the interface of urban ecology, systems thinking, resilience, urban environmental history, public health discourses, and urban political ecology as it relates to the evolution, governance, and management of common pool resources in cities of the global south.<\/p>\n        <\/div>\n    <\/div>\n    \n    <div class=\"wp-biographia-container-around\">\n        <div class=\"wp-biographia-pic\"><img alt='Amrita Sen' src='https:\/\/www.thenatureofcities.com\/TNOC\/wp-content\/uploads\/2021\/05\/Amrita_headshot-125x125.jpg' srcset=\"https:\/\/www.thenatureofcities.com\/TNOC\/wp-content\/uploads\/2021\/05\/Amrita_headshot-189x250.jpg 2x\" class='avatar avatar-125 photo wp-biographia-avatar' height='125' width='125' \/><\/div>\n        <div class=\"wp-biographia-text\">\n            <h3>about the writer<br>\n                <a href=\"https:\/\/www.thenatureofcities.com\/TNOC\/author\/amritasen\/\">Amrita Sen<\/a>\n            <\/h3>\n            <p>Amrita Sen is an Assistant Professor of Sociology at the Indian Institute of Technology Kharagpur and a Visiting Faculty with Azim Premji University. Her research interests include cultural and political ecology, politics of forest conservation, urban environmental conflicts and Anthropocene studies. She is currently writing her book manuscript entitled \u201cA Political Ecology of Forest Conservation in India: Communities, Wildlife and the State\u201d. <\/p>\n        <\/div>\n    <\/div>\n    \n<\/div>\n<p><strong>The when, why and how of systemic racism within and across urban social-ecological systems: stories from India<\/strong><\/p>\n<figure class=\"wp-block-pullquote\"><blockquote> Environmental organizations have to bear larger accountabilities towards protection of marginal urban communities, not only during incidences of risk but also when environmental management and its related implementation at all levels appear discriminatory and\/or racist.<\/blockquote><\/figure>\n<p>Back in 2009, one of us (Hita) was leading the life of a climate activist, and implementing projects aimed at reducing individual emission footprints. One of these projects involved replacing incandescent bulbs used by residents of slums in Bangalore with the then feasible gold standard of sustainability \u2013 CFLs or compact fluorescent lamps, and sending the collected incandescent bulbs for recycling.<\/p>\n<p>Hita recalls: <em>\u201cI was very excited about what we were doing, and that we would enable at least one aspect of green living at no cost to marginalized communities. It was a small village on the outskirts of south Bengaluru. I remember doing the job with a sort of mechanical precision \u2013 enter a house, ask if we could replace bulbs, tell them why we were doing so, plug in the new bulb, collect the old one, thank people for their kindness and hospitality, and repeat the process in the next house. Until we reached this little hut with a thatched roof, set much lower into the ground than the road, and so you had to climb down a couple of steps to enter it. It was pitch dark inside the hut, and the only person inside was a very elderly woman resting on a bed. Not registering the fact that the house was in darkness, I asked her if she would allow me to replace the bulb for her. She replied saying that there was no bulb in the house, and the only source of light came from candles. Upon inquiring further with other people in the village I found out that this woman was a widow and belonged to a lower caste (social order in India), and thus she was kept away from even the illegal wire taps of local electrical poles that slum dwellers frequently use to meet their infrastructural needs. It was the first time I had come across systemic racism within communities and which extended into my own work as an activist, and needless to say, it has stayed with me since.\u201d <\/em><\/p>\n<figure id=\"attachment_46848\" aria-describedby=\"caption-attachment-46848\" style=\"width: 604px\" class=\"wp-caption aligncenter\"><a href=\"https:\/\/www.thenatureofcities.com\/2021\/06\/07\/beyond-equity-what-does-an-anti-racist-urban-ecology-look-like\/pic-1-4\/\" rel=\"attachment wp-att-46848\"><img loading=\"lazy\" decoding=\"async\" class=\"size-full wp-image-46848\" src=\"https:\/\/www.thenatureofcities.com\/TNOC\/wp-content\/uploads\/2021\/05\/Pic-1.jpg\" alt=\"\" width=\"604\" height=\"453\" srcset=\"https:\/\/www.thenatureofcities.com\/TNOC\/wp-content\/uploads\/2021\/05\/Pic-1.jpg 604w, https:\/\/www.thenatureofcities.com\/TNOC\/wp-content\/uploads\/2021\/05\/Pic-1-100x75.jpg 100w\" sizes=\"auto, (max-width: 604px) 100vw, 604px\" \/><\/a><figcaption id=\"caption-attachment-46848\" class=\"wp-caption-text\">Hita proudly displaying her haul of incandescent bulbs.<br \/>Photo: Gunajit Brahma<\/figcaption><\/figure>\n<figure id=\"attachment_46849\" aria-describedby=\"caption-attachment-46849\" style=\"width: 604px\" class=\"wp-caption aligncenter\"><a href=\"https:\/\/www.thenatureofcities.com\/2021\/06\/07\/beyond-equity-what-does-an-anti-racist-urban-ecology-look-like\/pic-2-2\/\" rel=\"attachment wp-att-46849\"><img loading=\"lazy\" decoding=\"async\" class=\"wp-image-46849\" src=\"https:\/\/www.thenatureofcities.com\/TNOC\/wp-content\/uploads\/2021\/05\/Pic-2.jpg\" alt=\"\" width=\"604\" height=\"453\" srcset=\"https:\/\/www.thenatureofcities.com\/TNOC\/wp-content\/uploads\/2021\/05\/Pic-2.jpg 720w, https:\/\/www.thenatureofcities.com\/TNOC\/wp-content\/uploads\/2021\/05\/Pic-2-100x75.jpg 100w\" sizes=\"auto, (max-width: 604px) 100vw, 604px\" \/><\/a><figcaption id=\"caption-attachment-46849\" class=\"wp-caption-text\">Reliving childhood while replacing incandescent bulbs with CFLs in a marginalized community of Bengaluru. Photo: Hita Unnikrishnan<\/figcaption><\/figure>\n<p>City environments are complex. They require a deeper understanding of the complexities of communal relationships existing in a place, before deciding on management interventions to address key urban social-ecological challenges. This is essential so that urban environments may be successfully managed through designing socially inclusive and equitable management methods that also address concerns of imparting ecological resilience through forging stronger community engagements and accountability with nature. Because they typically consume very little, marginal urban communities contribute least to unsustainable patterns of development, yet are most disproportionately exposed to environmental crisis in cities. It is also important to understand that unequal power relations between community members manifest through racial discrimination <em>within <\/em>and<em> across <\/em>communities, affecting <em>who<\/em> actually receives the benefit of urban interventions.<\/p>\n<p>Environmental racism is structural and has historical roots. It can be largely explained through an inquiry on how structural biases shape common beliefs and practices. For example, the view that urban poor are justifiably fit to bear huge environmental costs and that it doesn\u2019t really matter if they are affected, more so in a city where they are <em>unauthentic settlers<\/em> without a <em>legitimate<\/em> space. Slums and informal settlements in the global South suffer most from the erosion of natural ecosystems in cities, since a large number of urban commons support human subsistence.<a href=\"applewebdata:\/\/E0638519-C185-490C-9939-3E4B63109ECC#_ftn1\" name=\"_ftnref1\">[1]<\/a> In India, villages in city neighbourhood areas are largely impacted by pollution that the cities emit and garbage that cities produce- <a href=\"https:\/\/bengaluru.citizenmatters.in\/mavalipura-landfill-problems-bangalore-garbage-dump-ecology-29749\">a study<\/a> reports how residents of Mavallipura, a village near Bangalore city, are affected by landfill and waste, leading to groundwater contamination and health hazards. In another instance, <a href=\"https:\/\/www.forbes.com\/sites\/andreamorris\/2020\/08\/25\/the-lasting-environmental-impact-of-racism-in-cities-new-study\/?sh=678d626e34a7\">a recent paper<\/a> speaking directly to environmental racism, points out how hazardous environments in specific racially segregated Black American neighbourhoods of USA rendered residents disproportionately vulnerable to Coronavirus- these residents were forced to settle in these neighbourhoods being subjected to redlining, a practice denying people of colour loans and resources while purchasing housing.<\/p>\n<p>Quite similarly, in Indian cities, socio-political structures driving urban inequalities and stratification deeply account for a systemic failure in addressing both ecological as well as social needs. No wonder then that urban poor is mostly found around low-lying areas, or near storm water and sewage channels, and worse, they are blamed for their \u201cunhygienic and unaesthetic\u201d practices. These are the people who bear the biggest brunt of adverse environmental conditions \u2013 from flash flooding to vector borne and life-threatening diseases, they have seen it all.<\/p>\n<p><a href=\"https:\/\/www.tandfonline.com\/doi\/abs\/10.1080\/19463138.2020.1770260?journalCode=tjue20\">Recent studies<\/a> suggest how commons such as lakes in Bangalore, which were earlier critical urban infrastructures for communities, have morphed into fenced and recreational spaces, where people come to jog, meditate, and breathe fresh air. These new residents largely prefer that the fences keeping out native, marginal communities of the cities, who now must reside in neighbourhood squatters. Most often, cities reveal a version of environmentalism entrenched in an elite narrative where poor are a \u201cmenace\u201d to the city ecology\u2014they cause pollution, stink, dirt, waste, and make surrounding landscapes filthy. At the same time, in the work both of us do with marginalized communities, we often hear stories of how certain castes within communities are kept away from \u201chygienic\u201d water sources such as open wells, instead having to walk longer distances to a lake to fetch water. Racism thus is entrenched both at the level of urban planning discourses, as well as within communities who are affected by those discourses.<\/p>\n<figure id=\"attachment_46851\" aria-describedby=\"caption-attachment-46851\" style=\"width: 604px\" class=\"wp-caption aligncenter\"><a href=\"https:\/\/www.thenatureofcities.com\/2021\/06\/07\/beyond-equity-what-does-an-anti-racist-urban-ecology-look-like\/a-dwelling-used-by-some-of-bengalurus-most-vulnerable-populations-photo-amrita-sen\/\" rel=\"attachment wp-att-46851\"><img loading=\"lazy\" decoding=\"async\" class=\"size-large wp-image-46851\" src=\"https:\/\/www.thenatureofcities.com\/TNOC\/wp-content\/uploads\/2021\/05\/A-dwelling-used-by-some-of-Bengaluru\u2019s-most-vulnerable-populations.-Photo-Amrita-Sen--747x560.jpg\" alt=\"\" width=\"604\" height=\"453\" srcset=\"https:\/\/www.thenatureofcities.com\/TNOC\/wp-content\/uploads\/2021\/05\/A-dwelling-used-by-some-of-Bengaluru\u2019s-most-vulnerable-populations.-Photo-Amrita-Sen--747x560.jpg 747w, https:\/\/www.thenatureofcities.com\/TNOC\/wp-content\/uploads\/2021\/05\/A-dwelling-used-by-some-of-Bengaluru\u2019s-most-vulnerable-populations.-Photo-Amrita-Sen--1536x1152.jpg 1536w, https:\/\/www.thenatureofcities.com\/TNOC\/wp-content\/uploads\/2021\/05\/A-dwelling-used-by-some-of-Bengaluru\u2019s-most-vulnerable-populations.-Photo-Amrita-Sen--2048x1536.jpg 2048w, https:\/\/www.thenatureofcities.com\/TNOC\/wp-content\/uploads\/2021\/05\/A-dwelling-used-by-some-of-Bengaluru\u2019s-most-vulnerable-populations.-Photo-Amrita-Sen--100x75.jpg 100w\" sizes=\"auto, (max-width: 604px) 100vw, 604px\" \/><\/a><figcaption id=\"caption-attachment-46851\" class=\"wp-caption-text\">A dwelling used by some of Bengaluru\u2019s most vulnerable populations. Photo: Amrita Sen<\/figcaption><\/figure>\n<p>Justice is therefore a critical imperative of urban environmental planning. We have elsewhere pointed out that inclusive ecological restoration practices in cities can comprehensively benefit communities and ecosystems, if they go beyond rhetoric to practice (Sen, Unnikrishnan, and Nagendra <em>forthcoming<\/em>.<a href=\"applewebdata:\/\/E0638519-C185-490C-9939-3E4B63109ECC#_ftn2\" name=\"_ftnref2\">[2]<\/a> Environmental organizations have to bear larger accountabilities towards protection of marginal urban communities, not only during incidences of risk but also when environmental management and its related implementation at all levels appear discriminatory and\/or racist. We have critical challenges in our struggle to restore environmental resilience in larger cities. It is imperative that we locate environmental justice as center-stage while designing sustainable cities. Doing so would fundamentally ensure stronger environmental commitments within and across heterogeneous urban communities.<\/p>\n<p><strong>Notes:<\/strong><\/p>\n<p><a href=\"applewebdata:\/\/E0638519-C185-490C-9939-3E4B63109ECC#_ftnref1\" name=\"_ftn1\">[1]<\/a> Adegun OB. 2021. Green Infrastructure Can Improve the Lives of Slum Dwellers in African Cities.\u00a0<em>Front. Sustain. Cities<\/em>\u00a03:621051. doi: 10.3389\/frsc.2021.621051<\/p>\n<p><a href=\"applewebdata:\/\/E0638519-C185-490C-9939-3E4B63109ECC#_ftnref2\" name=\"_ftn2\">[2]<\/a> Amrita Sen, Hita Unnikrishnan and Harini Nagendra. 2021. \u2018Reviving Urban Water Commons: Navigating Social-Ecological Fault Lines and Inequities\u2019. Special issue on \u2018Restoration For Whom, By Whom\u2019 (Edited by Marl\u00e8ne Elias, Deepa Joshi, Ruth Meinzen-Dick), <em>Ecological Restoration<\/em>, 39 (1&amp;2), 120-129<\/p>\n<\/div><div class=\"answer\">\n<h3 id=\"CJ\">CJ Goulding<\/h3>\n    <div class=\"wp-biographia-container-around\">\n        <div class=\"wp-biographia-pic\"><img alt='CJ Goulding' src='https:\/\/www.thenatureofcities.com\/TNOC\/wp-content\/uploads\/2021\/05\/Goulding-Headshot-125x125.jpg' srcset=\"https:\/\/www.thenatureofcities.com\/TNOC\/wp-content\/uploads\/2021\/05\/Goulding-Headshot-250x250.jpg 2x\" class='avatar avatar-125 photo wp-biographia-avatar' height='125' width='125' \/><\/div>\n        <div class=\"wp-biographia-text\">\n            <h3>about the writer<br>\n                <a href=\"https:\/\/www.thenatureofcities.com\/TNOC\/author\/cjgoulding\/\">CJ Goulding<\/a>\n            <\/h3>\n            <p>CJ Goulding (he\/him) (@goulding_jr) is a weaver, a facilitator, a community builder, an organizer, and a storyteller who invests in the growth of people, the growth of connection between people, and the growth of communities. In his career, he has trained, mentored and supported national networks of over 450 leaders who are changing systems and creating equitable access to nature in their communities. He believes in liberation for people of color that is not based on the context of White supremacy, and is committed to organizing and redistributing power and resources in order to achieve equity and justice.<\/p>\n        <\/div>\n    <\/div>\n    \n<p><strong>Changing Urban Ecology Through Radical Imagination and Community Gardens<\/strong><\/p>\n<figure class=\"wp-block-pullquote\"><blockquote>While we recognize what needs to be done, it will not be easy, and we will face pushback and resistance from those who would like to see things remain as they have been.<\/blockquote><\/figure>\n<p>Imagine with me that we are building an urban community garden. Can you see the empty lot? Can you hear the sounds of the city and community around you? As you create that mental picture, hold the idea that this garden is synonymous with the environmental, outdoor, and urban ecology movements.<\/p>\n<p>Our world and our society are built on our beliefs and imaginations. In the United States, there is a blind faith, an inherent trust in our policies\/laws, our society, our representatives, our systems, that they are built to support the idea, built into the U.S. Constitution, of \u201call men being created equal\u201d. When we examine the history of the empty lot, this garden, it tells us a different story, one where our country and movements have been planted in exclusionary soil.<\/p>\n<p>The mainstream outdoor and environmental movements have roots in ideas that imagined the wilderness and nature to be pristine, serene, untouched, and untrammeled by human contamination. Some environmental leaders and ideas around those times also include an imagination that like wilderness and urban areas, people held different value and could be separated when considering the impacts of policies, resources, and living conditions.<\/p>\n<p>In the past, the plants sprouting in this empty lot from those imaginary roots are the weeds of the removal of the Miwuk and Paiute people from Yosemite Valley, the mistreatment of farmworkers during the 1950s (which led Dolores Huerta to start the National Farmworkers Association), and events like a toxic smokestack being demolished in Little Village, Chicago in 2020 despite the blatant concerns for the health of the Black and Brown people in the surrounding community.<\/p>\n<p>All this is rooted and planted in the imagination, the belief and mindset that the mistreatment of people, specifically communities of color, for the benefit of \u201cwilderness\u201d and for a privileged group of people is justified, that certain people are expendable. These are the sewage sludge, industrial residue, the pesticides in our garden. These are the factors we will have to acknowledge and overcome in order to grow life in this plot.<\/p>\n<p>So, what is the solution? How do we grow a garden in contaminated soil?<\/p>\n<p>First, we get specific in our awareness of the contaminants. Knowledge of soil health and potential contamination are keys to helping communities identify and correct problems so that a garden is safe and productive. The same applies to our movement.<\/p>\n<p>To plant this community garden, to lead the movement forward in an anti-racist and equitable way, we have to lay bare the mental models that harm people and land. We have to call those contaminants in the soil out specifically to treat it and grow moving forward.<\/p>\n<p><a href=\"https:\/\/www.fsg.org\/publications\/water_of_systems_change\" target=\"_blank\" rel=\"noopener noreferrer\">FSG\u2019s Water of Systems Change<\/a> refers to six implicit and explicit conditions of systems change that we must investigate in order to be able to change. They are: Structural (policies, practices, resource flows), relational (relationships and connections, power dynamics), and transformative at the core (mental models).<\/p>\n<p>Once we understand the contaminants in our movement\u2019s racist soil, we have to employ what adrienne maree brown calls a \u201cradical imagination\u201d that thinks generations ahead, outside of the habits that brought us to our current predicament. The colonial leaders who brought us here are not going to be the leaders who bring us forward. Instead, our imagination for this garden has to be based in what has worked before and what we imagine is possible. In that way, although we have started with contaminated soil, our future is positive, informed, inclusive, and hopeful.<\/p>\n<p>This community garden will bring life to land that was poisoned. These relationships we build are raised beds, the community centered practices are soil amendments to stabilize the contaminants. We will address those contaminants (exclusionary and racist mindsets), remove and unlearn those habits, and replace them with clean soil. We will follow knowledge from Indigenous communities and communities of color like the use of phytotechnologies (plants that extract, degrade, contain, or immobilize contaminants in soil) in order to lead us forward.<\/p>\n<p>While we recognize what needs to be done, it will not be easy, and we will face pushback and resistance from those who would like to see things remain as they have been. Keep making progress.<\/p>\n<p>I asked you to imagine us building an urban community garden. Our radical imagination has given us the context to ground us and the awareness of how we can move forward equitably. Now let\u2019s open our eyes and get to work.<br \/>\n<\/div><div class=\"answer\">\n<h3 id=\"Baixo\">Baixo Ribeiro<\/h3>\n    <div class=\"wp-biographia-container-around\">\n        <div class=\"wp-biographia-pic\"><img alt='Baixo Ribeiro' src='https:\/\/www.thenatureofcities.com\/TNOC\/wp-content\/uploads\/2021\/05\/Baixo-Ribeiro-125x125.jpg' srcset=\"https:\/\/www.thenatureofcities.com\/TNOC\/wp-content\/uploads\/2021\/05\/Baixo-Ribeiro.jpg 2x\" class='avatar avatar-125 photo wp-biographia-avatar' height='125' width='125' \/><\/div>\n        <div class=\"wp-biographia-text\">\n            <h3>about the writer<br>\n                <a href=\"https:\/\/www.thenatureofcities.com\/TNOC\/author\/baixoribeiro\/\">Baixo Ribeiro<\/a>\n            <\/h3>\n            <p>Baixo is President of the Choque Cultural gallery in S\u00e3o Paulo.<\/p>\n        <\/div>\n    <\/div>\n    \n<p><em><a href=\"#BR-ENG\">(Read this in English.)<\/a><\/em><\/p>\n<figure class=\"wp-block-pullquote\"><blockquote>A\u00a0hist\u00f3ria\u00a0da\u00a0resist\u00eancia\u00a0das\u00a0popula\u00e7\u00f5es\u00a0ind\u00edgenas no Brasil \u00e9\u00a0uma\u00a0hist\u00f3ria\u00a0de\u00a0luta\u00a0para\u00a0manter\u00a0as\u00a0suas\u00a0terraspermanentemente\u00a0assediadas\u00a0por\u00a0um\u00a0capitalismo desmedido e financiado pela\u00a0ind\u00fastria\u00a0global.\u00a0Min\u00e9rios, madeira, petr\u00f3leo s\u00e3o os nossos piores inimigos e os consumidores do mundo todo\u00a0s\u00e3o\u00a0respons\u00e1veis.<\/blockquote><\/figure>\n<p>Eu e minha mulher somos netos de ind\u00edgenas, por\u00e9m n\u00e3o sabemos muita coisa sobre esse passado. Conseguimos facilmente identificar muitas gera\u00e7\u00f5es dos nossos antepassados brancos, mas sobre os ind\u00edgenas n\u00e3o temos informa\u00e7\u00e3o nenhuma. Isso \u00e9 causa do hist\u00f3rico de racismo muito agressivo contra os povos origin\u00e1rios no Brasil. Nossos av\u00f3s e seus antepassados sofreram verdadeiros exterm\u00ednios e, no come\u00e7o do S\u00e9culo XX era muito perigoso demonstrar a sua pr\u00f3pria cultura. Os pais n\u00e3o queriam que os filhos sofressem como eles e passaram a mimetizar a cultura branca, mudaram seus nomes e apagaram seu passado. Isso aconteceu com uma grande parcela da popula\u00e7\u00e3o brasileira, mas eu n\u00e3o consigo precisar a porcentagem dos 200 milh\u00f5es de habitantes que dividiram essa mesma hist\u00f3ria, at\u00e9 porque muitos brasileiros n\u00e3o se identificam com a culturas ind\u00edgenas.<\/p>\n<p>Os povos origin\u00e1rios s\u00e3o aut\u00eanticos e verdadeiros protetores das florestas, al\u00e9m de possuidores de tecnologias muito especiais para cuidar da natureza e curar muitos de seus males. Ent\u00e3o, a prote\u00e7\u00e3o desses povos \u00e9, ao mesmo tempo, a prote\u00e7\u00e3o da natureza. A promo\u00e7\u00e3o da cultura dos povos ind\u00edgenas \u00e9 ao mesmo tempo a promo\u00e7\u00e3o de solu\u00e7\u00f5es para o planeta.<\/p>\n<p>A hist\u00f3ria da resist\u00eancia das popula\u00e7\u00f5es ind\u00edgenas no Brasil \u00e9 uma hist\u00f3ria de luta para manter as suas terras permanentemente assediadas por um capitalismo desmedido e financiado pela ind\u00fastria global. Min\u00e9rios, madeira, petr\u00f3leo s\u00e3o os nossos piores inimigos e os consumidores do mundo todo s\u00e3o respons\u00e1veis pelo sistema que gera o desequil\u00edbrio que est\u00e1 levando Terra ao seu fim e da qual as terras protegidas pelos povos ind\u00edgenas s\u00e3o as \u00faltimas fronteiras de florestas ainda inexploradas.<\/p>\n<p>Al\u00e9m da terra, os povos ind\u00edgenas lutam tamb\u00e9m pela manuten\u00e7\u00e3o das suas culturas e das suas l\u00ednguas. Segundo a UNESCO, s\u00e3o 256 povos e culturas diferentes no Brasil e cerca de 180 l\u00ednguas muitas em processo de extin\u00e7\u00e3o. Na Am\u00e9rica do Sul s\u00e3o 45 milh\u00f5es de ind\u00edgenas, 642 povos e 500 l\u00ednguas. Segundo a CEPAL, o Brasil com apenas 900 mil ind\u00edgenas, possui o maior n\u00famero de comunidades (305), seguido por Col\u00f4mbia (102), Peru (85), M\u00e9xico (78) e Bol\u00edvia (39). Apesar dos n\u00fameros conterem alguma imprecis\u00e3o, Nota-se claramente a vulnerabilidade dos povos ind\u00edgenas brasileiros.<\/p>\n<p>Em rela\u00e7\u00e3o \u00e0s terras ind\u00edgenas, a atitude do Estado brasileiro tem sido a de lenta demarca\u00e7\u00e3o, mais oumenos respeitada dependendo dos governos do momento. No entanto, a for\u00e7a do capital \u00e9 muito maior do que a do Estado e consegue enfrentar e envolver todos os governos em seus lobbies, o que resulta numapermanente amea\u00e7a de retrocessos apesar de alguns avan\u00e7os. A situa\u00e7\u00e3o atual \u00e9 muito preocupante no Brasil, pela soma de fatores: um governo bastante agressivo em rela\u00e7\u00e3o \u00e0s terras ind\u00edgenas e o agravamento da pandemia com a consequente mortalidade da popula\u00e7\u00e3o ind\u00edgena, sabidamente mais suscet\u00edvel aos v\u00edrus gripais.<\/p>\n<p>Em rela\u00e7\u00e3o \u00e0 promo\u00e7\u00e3o das culturas ind\u00edgenas, a popula\u00e7\u00e3o n\u00e3o-ind\u00edgena tem se interessado mais ao longo das \u00faltimas d\u00e9cadas pelo conhecimento de algumas culturas dos povos origin\u00e1rios, bem como tem-se pautado com mais frequ\u00eancia as culturas ancestrais. Mas \u00e9 uma t\u00edmida tomada de consci\u00eancia em rela\u00e7\u00e3o \u00e0 gravidade da situa\u00e7\u00e3o em que essas culturas est\u00e3o inseridas no Brasil. Por exemplo, inexiste ainda um projeto estrat\u00e9gico de engajamento da popula\u00e7\u00e3o no aprendizado das l\u00ednguas ind\u00edgenas pelos n\u00e3o-ind\u00edgenas.<\/p>\n<p>Enfim, apesar dessas considera\u00e7\u00f5es um pouco superficiais, pretendi com a minha participa\u00e7\u00e3o nesse f\u00f3rum, chamar aten\u00e7\u00e3o para a quest\u00e3o do racismo contra os povos origin\u00e1rios no Brasil e sua liga\u00e7\u00e3o direta com modos de vida que destroem a natureza do nosso planeta.<\/p>\n<p><a name=\"BR-ENG\"><\/a><\/p>\n<h3 class=\"s3\" style=\"text-align: center;\"><strong>\u00a0* * *\u00a0<\/strong><\/h3>\n<figure class=\"wp-block-pullquote\"><blockquote>The history of the resistance of the indigenous populations in Brazil is a history of struggle to\u00a0protect\u00a0their lands\u00a0from being\u00a0permanently besieged by aggressive capitalism and financed by global industry.\u00a0Extraction of ores, wood,\u00a0and\u00a0oil are our worst enemies. Consumers around the world are directly responsible.\u00a0<\/blockquote><\/figure>\n<p>My wife and I are grandsons of indigenous\u00a0Brazilians, but we don&#8217;t know much about this past. We can easily identify many generations of our white ancestors, but we have no information about our indigenous\u00a0progenitors. This is because of the history of very aggressive racism against the original people in Brazil. Our grandparents and their\u00a0relatives\u00a0suffered real exterminations and, therefore, at the beginning of the 20th century it was\u00a0very\u00a0dangerous to demonstrate their own culture.\u00a0Parents did not want their children to suffer like them and started to mimic white people&#8217;s culture, changed names,\u00a0and deleted their past. This happens to a large portion of the Brazilian population, but I cannot specify the percentage of the 200 million inhabitants who share this same history, not least because many do not identify themselves with indigenous cultures.<\/p>\n<p>The indigenous people are authentic and true protectors of the forests, in addition to possessing very special\u00a0methods\u00a0to take care of nature and cure many\u00a0challenges. So, the protection of the indigenous peoples is, at the same time, the protection of nature. The promotion of\u00a0indigenous people\u2019s cultures is at the same time the promotion of solutions for the nature of the planet. The history of the resistance of the indigenous populations in Brazil is a history of struggle to\u00a0protect\u00a0their lands\u00a0from being\u00a0permanently besieged by aggressive capitalism and financed by global industry.\u00a0Extraction of ores, wood,\u00a0and\u00a0oil are our worst enemies and consumers around the world are responsible for the system that generates the imbalance that is taking Earth to its end and of which the lands protected by the indigenous peoples are the last frontiers of unexplored forests.<\/p>\n<p>In addition to the land,\u00a0indigenous people\u00a0also fight for the maintenance of their cultures and their languages. According to\u00a0ONU (2014), there are 256 different indigenous\u00a0groups\u00a0in Brazil and about 180 languages, many of which are\u00a0close to\u00a0extinction. Only to compare, in South America there are 45 million indigenous\u00a0people, 642 indigenous\u00a0groups,\u00a0and 500 languages. According to\u00a0CEPAL (2010), Brazil has only 900,000\u00a0indigenous, but\u00a0has the largest number of indigenous\u00a0communities\u00a0(305), followed by Colombia (102), Peru (85), Mexico (78) and Bolivia (39). Although the numbers contain some inaccuracy, the vulnerability of Brazilian indigenous peoples is clearly noted.<\/p>\n<p>In relation to indigenous lands, the attitude of the Brazilian State has been one of slow demarcation, more or less respected depending on the governments of the moment. However, the strength of capital is much greater than that of the state and is able to face and involve all governments in their lobbies, which results in a permanent threat of setbacks despite some advances. The current situation is very worrying in Brazil, due to the sum of factors: a very aggressive government in relation to indigenous lands and the worsening of the pandemic with the consequent mortality of the indigenous population, known to be more susceptible to influenza viruses.<\/p>\n<p>In relation to the promotion of indigenous cultures, the non-indigenous population (the majority of the Brazilian population is mixed between white, black,\u00a0and indigenous peoples) has been more interested over the last decades in the knowledge of some cultures of the original native peoples, as well as the ancestral cultures. But it is a timid awareness of the seriousness of the situation\u00a0to\u00a0which these cultures\u00a0are\u00a0subjected\u00a0in Brazil. For example, there is still no strategic project to engage the population in the learning of indigenous languages by non-indigenous.<\/p>\n<p>These are just brief observations, but\u00a0with my participation in this forum\u00a0I intended to draw attention to the issue of racism against the indigenous peoples in Brazil and their direct connection with ways of life that destroy the nature of our\u00a0planet.<br \/>\n<\/div><div class=\"answer\">\n<h3 id=\"Julian\">Julian Agyeman<\/h3>\n    <div class=\"wp-biographia-container-around\">\n        <div class=\"wp-biographia-pic\"><img alt='Julian Agyeman' src='https:\/\/www.thenatureofcities.com\/TNOC\/wp-content\/uploads\/2021\/06\/Julian-Agyeman-CROP-125x125.jpg' srcset=\"https:\/\/www.thenatureofcities.com\/TNOC\/wp-content\/uploads\/2021\/06\/Julian-Agyeman-CROP-250x250.jpg 2x\" class='avatar avatar-125 photo wp-biographia-avatar' height='125' width='125' \/><\/div>\n        <div class=\"wp-biographia-text\">\n            <h3>about the writer<br>\n                <a href=\"https:\/\/www.thenatureofcities.com\/TNOC\/author\/julianagyeman\/\">Julian Agyeman<\/a>\n            <\/h3>\n            <p>Julian Agyeman Ph.D. FRSA FRGS is a Professor of Urban and Environmental Policy and Planning at Tufts University in Medford, Massachusetts, USA.  He is the originator of the concept of \"just sustainabilities,\" which explores the intersecting goals of social justice and environmental sustainability.\r\n<\/p>\n        <\/div>\n    <\/div>\n    \n<p><strong>Recognition, reconciliation, reparations? Just sustainabilities as an anti-racist, anti-colonial approach to urban ecologies<\/strong><\/p>\n<figure class=\"wp-block-pullquote\"><blockquote>Two fundamental \u201crecognitions\u201d before we can move forward: (1) we must recognize and acknowledge, openly, that in the U.S., we are on stolen land; (2) Second, we must recognize and acknowledge, openly, that in the U.S., urban planning is the spatial toolkit for articulating, implementing, and maintaining White Supremacy. <\/blockquote><\/figure>\n<p>What our cities can\u00a0<em>become\u00a0<\/em>(sustainable, green, smart, sharing, resilient) and who is allowed to\u00a0<em>belong<\/em>\u00a0in them (recognition of indigeneity, difference, diversity, and a Right to the City) are fundamentally and inextricably interlinked. Yet we in the urban planning, urban ecology, and placemaking arena have focused almost exclusively on the <em>becoming<\/em> city, the city of \u201c<em>our<\/em>\u201d dreams. But exactly whose dreams are these? These are not the dreams of those increasing numbers of people who are denied the right to belong through homelessness, racism, xenophobia, or being displaced by gentrification. We must build a broad coalition of politicians, city building professionals, non-profits, activists to weave a narrative around both\u00a0urban <em>belonging<\/em>\u00a0and urban\u00a0<em>becoming,<\/em>\u00a0together,\u00a0using the concept of\u00a0<em>just sustainabilities<\/em>\u00a0as the anchor, or face deepening segregation, spatial and social inequities and injustices in our cities.<\/p>\n<p>For the past 20 years, just sustainabilities has been used to explore the intersecting goals of social justice and environmental sustainability, defined as: <em>the need to ensure a better quality of life for all,\u00a0now, and into the future,\u00a0in a just and equitable manner,\u00a0whilst living within the limits of supporting ecosystems.<\/em><\/p>\n<p>But achieving just sustainabilities requires two fundamental \u201crecognitions\u201d before we can move forward.<\/p>\n<p>First, we must recognize and acknowledge, openly, that in the United States, we are on stolen land. Urban Indigenous cultures have been rendered largely invisible in most U.S. cities. Yet 78% of Native Americans live off-reservation, and 72% live in urban or suburban environments. Non-Indigenous planning and placemaking practitioners, urban ecologists, activists, and scholars alike must better support ongoing and emerging efforts to disrupt the erasure and displacement of Indigenous peoples, their histories and geographies, from the urban environment.<\/p>\n<p>Second, we must recognize and acknowledge, openly, that in the U.S., urban planning is the <em>spatial toolkit<\/em> for articulating, implementing, and maintaining White Supremacy. Racial segregation today is the result of historic (and in many cases ongoing) practices such as the issuing of racialized real estate covenants, exclusionary zoning, redlining, racist housing and infrastructure policies such as building freeways through Black neighborhoods. While many of these practices have changed, their collective imprint lives on, proscribing the spatial practices of Black and Brown bodies, where they are, and aren&#8217;t allowed to go; where they can, and can&#8217;t live in cities.<\/p>\n<p>Recognizing our cities as being on stolen land, our cities as being intentionally segregated, has to be the starting point for any emerging theory (and practice) of change. In re-narrating our cities in this way, we must acknowledge at all levels, the need for anti-colonial and anti-racist policies and practices. From there, we can begin to talk about reconciliation, restorative justice and reparations, as the examples below are beginning to do. <a href=\"https:\/\/www.americanbar.org\/groups\/crsj\/publications\/human_rights_magazine_home\/civil-rights-reimagining-policing\/a-lesson-on-critical-race-theory\/\">Critical race theory<\/a> and <a href=\"https:\/\/www.tandfonline.com\/doi\/full\/10.1080\/26884674.2020.1793703\">settler-colonial theory<\/a>, despite what their political detractors say, have much to contribute to such discussions in terms of power asymmetries, rights, recognition, and cultural pluralism in how we imagine and design the built environment.<\/p>\n<p>Some examples of good practice include:<\/p>\n<ul>\n<li>In June 2020, The Canadian Urban Institute hosted a Round Table, moderated by Jay Pitter, with US and Canadian panelists on the topic of <a href=\"https:\/\/canurb.org\/citytalk-news\/how-do-we-respond-to-anti-black-racism-in-urbanist-practices-and-conversations\/\">How do we respond to anti-Black racism in urbanist practices and conversations<\/a>?<\/li>\n<li>In June 2020, the\u00a0City of Seattle announced it would transfer the <a href=\"https:\/\/www.capitolhillseattle.com\/2020\/06\/spurred-by-seattle-protests-city-says-will-finally-transfer-central-districts-fire-station-6-to-africatown\/\">Fire Station 6<\/a>property at 23rd Ave and Yesler to community ownership (Community Land Trust), clearing the way for an\u00a0Africatown-led redevelopment plan.<\/li>\n<li>In July 2020, the city council of Asheville, NC, unanimously passed a\u00a0<a href=\"https:\/\/drive.google.com\/file\/d\/1WKialVISWzu72mhasyy9SslDbVGMSj5U\/view\">resolution<\/a>calling for reparations for the Black community, recognizing, acknowledging, and apologizing for both historical and contemporary systemic enslavement, racism, discrimination, and incarceration.<\/li>\n<li>In October 2020, Boston mayoral candidate Michelle Wu\u2019s\u00a0<a href=\"https:\/\/www.michelleforboston.com\/plans\/food-justice\">Food Justice Agenda<\/a> notes that \u201cFood justice means racial justice, demanding a clear-eyed understanding of how white supremacy has shaped our food systems\u201d and that \u201cnutritious, affordable, and culturally relevant food is a\u00a0<a href=\"https:\/\/ir.lawnet.fordham.edu\/cgi\/viewcontent.cgi?article=2655&amp;context=ulj\">universal human right<\/a>.\u201d It includes provisions such as a formal process in which private developers would have to work with the community to ensure there is space for diverse food retailers and commercial kitchens, and licensing restrictions to discourage the proliferation of fast-food outlets in poorer neighborhoods.<\/li>\n<li>In spring 2021, Participatory City Canada began working in <a href=\"https:\/\/drive.google.com\/file\/d\/1FqwDx2VBJLAjsWXytEHyD6y2yk0dBQ0t\/view\">K&#8217;jipuktuk\/Halifax<\/a>, NS. It is working with the Mi\u2019kmaw Nation on developing social infrastructure for reconciliation.<\/li>\n<\/ul>\n<p>The good news is that conversations around anti-racist, anti-colonial policies and practices are increasingly widespread. The phrase White Supremacy, once the hushed subject of leftist discussions, is now a commonly used, if contested phrase. Now, we need to turn these phrases and conversations into a workable politics that recognizes rights, reconciles difference and restores human dignity.<\/p>\n<\/div><div class=\"answer\">\n<h3 id=\"Steward\">Steward T.A. Pickett<\/h3>\n    <div class=\"wp-biographia-container-around\">\n        <div class=\"wp-biographia-pic\"><img alt='Steward Pickett' src='http:\/\/www.thenatureofcities.com\/TNOC\/wp-content\/uploads\/2016\/08\/Steward-Pickett_avatar_1470656183.jpg' srcset=\"https:\/\/www.thenatureofcities.com\/TNOC\/wp-content\/uploads\/2016\/08\/Steward-Pickett_avatar_1470656183.jpg 2x\" class='avatar avatar-125 photo wp-biographia-avatar' height='125' width='125' \/><\/div>\n        <div class=\"wp-biographia-text\">\n            <h3>about the writer<br>\n                <a href=\"https:\/\/www.thenatureofcities.com\/TNOC\/author\/stewardpickett\/\">Steward Pickett<\/a>\n            <\/h3>\n            <p>Steward Pickett is a Distinguished Senior Scientist Emeritus at the Cary Institute of Ecosystem Studies in Millbrook, New York. His research focuses on the ecological structure of urban areas and the temporal dynamics of vegetation.<\/p>\n        <\/div>\n    <\/div>\n    \n<figure class=\"wp-block-pullquote\"><blockquote>Critical race theory has suggested sequential steps that urban ecology must use to contribute to just and equitable cities, towns, and regions: (1) Awareness of how racism shapes places; (2) Acknowledgement that racism evolves; (3) Inclusion of marginalized communities in research; (4) Embedding of anti-racist praxis in core philosophies. <\/blockquote><\/figure>\n<p>Social, economic, and political research has exposed the ideological drivers behind colonialism. Racism is one of the prime tools of colonialism and industrial capitalism. The roots of ecology, along with those of other disciplines born in the last two centuries, are entwined with colonialism, racism, colorism, classism, sexism, and other tools of empire. However, the fact that urban ecology shares this tainted history does not excuse it from seeking an anti-colonialist, anti-racist future (Baker, 2021). Ecology, like many other disciplines, must first address and then work to dismantle the systemic racism in which it is embedded (Pickett &amp; Grove, 2020; Schell et al., 2020).<\/p>\n<p>Ford and Airhihenbuwa (2010) laid out a strategy for applying critical race theory to public health, which I believe ecology can also employ. Critical race theory offers ecology a way to acknowledge the role of structural racism in its history and practice, while at the same time suggesting how the discipline can expunge the influence of this systemic racism from its ongoing research and application. All urban ecology work, not just that focused on the green spaces in the urban mosaic, should follow Ford and Airhihenbuwa through these steps:<\/p>\n<ol>\n<li><strong>Adopt Race Consciousness<\/strong>. Ecologists must become aware of the role racism has played\u2014and continues to play\u2014in shaping the discipline and its work. Being conscious of race is not the same as being racist.Nor is \u201ccolorblindness\u201d the same as being anti-racist (Bonilla-Silva, 2018; Kendi, 2019). Instead, colorblindness encourages people to ignore the substantial and continued role of structural racism in the human-ecological systems that ecology must study to promote sustainability or even just to work in the Anthropocene.<\/li>\n<li><strong>Understand that Racism Evolves<\/strong>. Racism, which emerged from colonialism and the ideology of white supremacy, adjusts to political, economic, and cultural changes. Those adjustments are often subtle or couched in non-racial terms. They become ordinary or banal\u2014\u201cnaturalized\u201d\u2014and hence may be hard to detect by those who are not the targets of racism. Indeed, even those who are afforded lower racialized status may not be aware of all the ways in which racism constrains their lives. Those on the top of the heap are even less likely to see racism at work on their behalf.<\/li>\n<li><strong>Center Work in the Margins<\/strong>. The margin refers to communities that have been deprived of power or resources. It is in such marginalized situations where anti-racist research questions, institutions, and projects must be grounded. The realities and worldviews of racialized groups that are oppressed and disempowered must be reflected in research. This move prevents the questions, methods, and interactions by which research is conducted to privilege the realities and worldviews of those at the top of the racialized and class hierarchy. Such awareness of center-margin dynamics is also relevant to research conducted by Global North institutions and scholars in the Global South.<\/li>\n<li><strong>Employ a Critical Race \u201cPraxis\u201d<\/strong>. According to Ford and Airhihenbuwa (2021:S32), \u201ccritical race theory is an iterative methodology for helping investigators <em>remain attentive to equity<\/em> while carrying out research, scholarship, and practice\u201d (emphasis added). Thus, critical race theory invites ecology to be reflexive in all steps of its work in systems where past and present colonialism, evolving structural racism, and the obfuscation of \u201cpost-racial\u201d rhetoric are in play. It requires ecologists to recognize that intentional racist behaviors are not required for racism to be an ecological factor.<\/li>\n<\/ol>\n<p>Critical race theory has suggested four sequential steps that urban ecology must use to contribute to just and equitable cities, towns, and regions. First and foremost, ecologists must become aware of the role that racism and classism continue to play in constructing and enforcing inequity in urban places. Second, we must understand and investigate how the manifestations of racism continue to change in urban places, and how racism continues to generate novel forms of oppression and exclusion. These manifestations of racism can drive social and ecological processes in urban systems. Third, urban ecological research must stop neglecting marginalized communities, and indeed, focus at least some of its efforts in those places. Ethics requires the constant, engaged involvement of residents in marginalized communities. Finally, if the first three steps become habitual, the fourth step will signify the achievment of an anti-racist ecology as an intellectual, practical, and ethical instrument in urban ecology\u2019s normal toolkit. It is urgent that we begin the journey along the four steps identified by critical race theory. That journey can help ecology take up its responsibility toward equitable urban futures.<\/p>\n<p><strong>References<\/strong><\/p>\n<p>Baker, B. (2021). Race and Biology. <em>BioScience<\/em>, <em>biaa157<\/em>. https:\/\/doi.org\/10.1093\/biosci\/biaa157<\/p>\n<p>Bonilla-Silva, E. (2018). <em>Racism Without Racists: Color-blind Racism and the Persistence of Racial Inequality in America<\/em> (5th ed.). Roman and Littlefield.<\/p>\n<p>Ford, C. L., &amp; Airhihenbuwa, C. O. (2010). Critical Race Theory, Race Equity, and Public Health: Toward Antiracism Praxis. <em>American Journal of Public Health<\/em>, <em>100<\/em>(S1), S30\u2013S35. https:\/\/doi.org\/10.2105\/AJPH.2009.171058<\/p>\n<p>Kendi, I. X. (2019). <em>How to be an Anti-racist<\/em>. One World.<\/p>\n<p>Pickett, S. T., &amp; Grove, J. M. (2020). An ecology of segregation. <em>Frontiers in Ecology and the Environment<\/em>, <em>18<\/em>(10), 535\u2013535. https:\/\/doi.org\/10.1002\/fee.2279<\/p>\n<p>Schell, C. J., et al. (2020). The ecological and evolutionary consequences of systemic racism in urban environments. <em>Science<\/em>. https:\/\/doi.org\/10.1126\/science.aay4497<\/p>\n<\/div><div class=\"answer\">\n<h3 id=\"Polly\">Polly Moseley<\/h3>\n    <div class=\"wp-biographia-container-around\">\n        <div class=\"wp-biographia-pic\"><img alt='Polly Moseley' src='https:\/\/www.thenatureofcities.com\/TNOC\/wp-content\/uploads\/2021\/06\/Polly-Mosely-125x125.jpeg' srcset=\"https:\/\/www.thenatureofcities.com\/TNOC\/wp-content\/uploads\/2021\/06\/Polly-Mosely-250x250.jpeg 2x\" class='avatar avatar-125 photo wp-biographia-avatar' height='125' width='125' \/><\/div>\n        <div class=\"wp-biographia-text\">\n            <h3>about the writer<br>\n                <a href=\"https:\/\/www.thenatureofcities.com\/TNOC\/author\/pollymoseley\/\">Polly Moseley<\/a>\n            <\/h3>\n            <p>Polly Moseley is a producer and PhD candidate at Liverpool John Moores University, working on applied research on social and cultural values underpinning urban ecological restoration work in North Liverpool.  Her first degree was French &amp; English Literature from Oxford, and she is interested in linguistics and place-based narratives.  Highlights of her career involve intercultural exchange with Grupo Cultural AfroReggae and street art with Royal de Luxe, and land artists in Nantes.  Her current projects include building the Scouse Flowerhouse movement and preparing a public campaign for the restoration of a beautiful, heritage Library building.  Polly has spent a total of 22 years on kidney dialysis and has dialysed in 180+ centres.  She plays fiddle and loves wild swimming.<\/p>\n        <\/div>\n    <\/div>\n    \n<figure class=\"wp-block-pullquote\"><blockquote>Solidarity and justice are meaningful to the struggles which the people of Liverpool have felt as a city. Where we have sown wildflowers on public land threatened with building projects the wildflowers have been particularly welcomed by local activist groups and residents; we find more homegrown social innovation and receptiveness to change in these spaces.<\/blockquote><\/figure>\n<p>Identifying as an anti-racist gives me more courage to take responsibility for the society and culture. I am an activist within. In Liverpool, a city in which almost all infrastructure is directly connected to the Slave Trade, my work involves constantly thinking about how to decolonialise histories and to give voice to a wider diversity of people, leaders, neighbours, and workers. I have found how interrogating street names and learning from ecological and migration histories, peeling back layers of denial and grief to engender understanding through active listening, can strengthen the meaning and the cultural context.\u00a0 Listening to how Professor Corinne Fowler<a href=\"applewebdata:\/\/14F76211-76C1-4F20-87CB-9D50C07BB049#_edn1\" name=\"_ednref1\">[i]<\/a> suffered death threats and hate crime following her report on slavery connections for the National Trust emboldened my feeling of why showing solidarity with anti-racist work at this time is so vital.\u00a0 Professor Fowler described how her family life had strengthened her resolve to air these histories.<\/p>\n<p>My identity or lens as someone who has experienced loss and chronic illness is what has strengthened my empathy with people and with the complexity of the North Liverpool landscape, so rich with stories. Darren McGarvey<a href=\"applewebdata:\/\/14F76211-76C1-4F20-87CB-9D50C07BB049#_edn2\" name=\"_ednref2\">[ii]<\/a> writes about culture being viewed through a lens of identity. In North Liverpool neighbourhoods this lens has primarily been people, who, like McGarvey, identify as working-class. Their deep sense of loss \u2014 be it the loss of their livelihoods in Ireland through potato famine, loss of jobs with containerisation of the port, loss of 125-140k population to outlying towns and estates in the 1960s during the so-called \u201cslum clearances\u201d, loss of most of the infrastructure in their parks \u2014 means that the plea for the leader of the Dasgupta review<a href=\"applewebdata:\/\/14F76211-76C1-4F20-87CB-9D50C07BB049#_edn3\" name=\"_ednref3\">[iii]<\/a> for us all to consider ourselves \u201casset managers\u201d jars in these neighbourhoods. Talking about nature as a resource can embed the sense of scarcity<a href=\"applewebdata:\/\/14F76211-76C1-4F20-87CB-9D50C07BB049#_edn4\" name=\"_ednref4\">[iv]<\/a>, just as it can re-enforce what Bhattachary describes as the \u201cmyth of expendability \u2014 of expendable people and expendable regions\u201d<a href=\"applewebdata:\/\/14F76211-76C1-4F20-87CB-9D50C07BB049#_edn5\" name=\"_ednref5\">[v]<\/a>. Problems in these neighbourhoods have been over-diagnosed, resulting in a litany of terms associated with deprivation and poverty, which can re-enforce stigma, blight, dependency and fear of further loss.<\/p>\n<p>McGarvey lumped together chronically-ill people with prisoners at one point in his book, which made me flinch, and reflect how blurring boundaries across inequalities doesn\u2019t work for people who are viscerally experiencing injustice \u2014 a point made clearly by Reni Eddo-Lodge \u201cwe know that eradicating class inequalities will go some way in challenging race inequalities\u201d yet \u201cracialised class prejudice\u201d<a href=\"applewebdata:\/\/14F76211-76C1-4F20-87CB-9D50C07BB049#_edn6\" name=\"_ednref6\">[vi]<\/a> is different and needs to be called out. Though I have seen public health work regress due to economic and health policy, the ecological work I get involved in is deliberately cited in neighbourhoods dealing with the sharp end of health and social inequalities, and its purpose is reconciliation, with, through, and across the land. All of these post-industrial urban landscapes are cultural: restoring nature into these landscapes can elicit more airing of opinions and response.<\/p>\n<p>This year, 2021, our urban wildflowering programme has built a partnership with the Liverpool charity, Mandela8. This charity is born to honour and continue the work of a group of anti-apartheid activisits from L8 or Toxteth \u2014 a postcode which became synonymous with race riots in the 1980\u2019s, and which is re-asserting a positive identity<a href=\"applewebdata:\/\/14F76211-76C1-4F20-87CB-9D50C07BB049#_edn7\" name=\"_ednref7\">[vii]<\/a>. The story of their anti-apartheid protest has just been unveiled at the Museum of Liverpool<a href=\"applewebdata:\/\/14F76211-76C1-4F20-87CB-9D50C07BB049#_edn8\" name=\"_ednref8\">[viii]<\/a>.<\/p>\n<p>We took some horticultural advice and a gift of seeds of a South African origin from Fergus Garrett of Great Dixter, which are now growing in local community gardens and pots to be planted back into the Mandela Field of Hope this month (June 2021) in the historic Princes Park. Liverpool has just elected its first black woman Mayor in the UK. <em>Times are a-changing.<\/em><\/p>\n<p>Solidarity and justice are meaningful to the struggles which the people of Liverpool have felt as a city. Where we have sown wildflowers on public land which was threatened with building projects \u2014 Walton Hall Park (resisted a new Everton FC Stadium), Sefton Meadows (resisted housing), Calderstones carbon capture meadow (resisted housing), and Rimrose Valley (resisting a new road) \u2014 the wildflowers have been particularly welcomed by local activist groups and residents, and we find more homegrown social innovation and receptiveness to change in these spaces. To me, this means that framings, like \u201canti-racism\u201d can generate powerful engagement to accelerate climate action, aligning climate action with action for social good.<\/p>\n<p>Currently on my street, a newly-arrived family is receiving hostility from neighbours, and the reason given for the hatred is noise. The 5-year-old girl described her home country, Iran, to me as \u201canother world\u2026and now we are in this world\u201d.\u00a0 This way of understanding her migration, echoes the spirit of AfroFuturism<a href=\"applewebdata:\/\/14F76211-76C1-4F20-87CB-9D50C07BB049#_edn9\" name=\"_ednref9\">[ix]<\/a>.\u00a0 The outsider\/alienism manifested by Sun Ra in the 1970\u2019s is described by black creatives as a way of owning both painful histories, sharing current realities, and casting alternative futures. \u00a0He dramatized and owned the narrative levied at Black people during a time when racism was rife, and, in doing so, changed perspectives, \u00a0showing how narratives can be shifted through showing the absurdity underlying prejudice through performance.<\/p>\n<p>I have co-produced a Northern Flowerhouse Charter which mandates \u201cInviting outsiders in\u201d and flips the \u201cNorthern Powerhouse\u201d industrial narrative, used by the UK government to talk about investment in hard infrastructure and jobs in the North to address the historic North-South divide, as most investment is concentrated in London and the South East.<\/p>\n<p>Scouse Flowerhouse was a name coined by a young man who is full of creative energy, very much a true \u201cScouser\u201d.\u00a0 These names work because they were given by local people.\u00a0 Knowing when to step aside was some advice given to me by artist\/activist Tayo Aluko<a href=\"applewebdata:\/\/14F76211-76C1-4F20-87CB-9D50C07BB049#_edn10\" name=\"_ednref10\">[x]<\/a> recently in an interview we recorded.\u00a0 In urban environments we should all be in the business of reparation and constantly be prepared to be educated and re-educated, as I was during the Nature of Cities Summit, time and time again.<\/p>\n<p>The photo is of the sowing of Mandela Field of Hope this Spring with Liverpool FC fan and artist Peter Carney displaying his newly-made Scouse Flowerhouse banner. The best artworks I have commissioned for wildflower work have enabled artists to communicate words and messages they have held for a while, waiting to find the right work for them to inhabit, and wildflowers have been the enabler. We aim to design intercultural dialogue into these colourful fields by programming a variety of cultural celebrations, choreographing new encounters. \u00a0I\u2019d like to do more of this by re-establishing platforms for pro-active debate in public spaces.<\/p>\n<figure id=\"attachment_46892\" aria-describedby=\"caption-attachment-46892\" style=\"width: 604px\" class=\"wp-caption aligncenter\"><a href=\"https:\/\/www.thenatureofcities.com\/2021\/06\/07\/beyond-equity-what-does-an-anti-racist-urban-ecology-look-like\/image001-108\/\" rel=\"attachment wp-att-46892\"><img loading=\"lazy\" decoding=\"async\" class=\"size-large wp-image-46892\" src=\"https:\/\/www.thenatureofcities.com\/TNOC\/wp-content\/uploads\/2021\/06\/image001-745x560.png\" alt=\"\" width=\"604\" height=\"454\" srcset=\"https:\/\/www.thenatureofcities.com\/TNOC\/wp-content\/uploads\/2021\/06\/image001-745x560.png 745w, https:\/\/www.thenatureofcities.com\/TNOC\/wp-content\/uploads\/2021\/06\/image001-100x75.png 100w, https:\/\/www.thenatureofcities.com\/TNOC\/wp-content\/uploads\/2021\/06\/image001.png 1377w\" sizes=\"auto, (max-width: 604px) 100vw, 604px\" \/><\/a><figcaption id=\"caption-attachment-46892\" class=\"wp-caption-text\">Peter Carney with children from Windsor Community Primary School on Princes Park, April 2021, Photo by Sonia Bassey, Chair of Mandela8<\/figcaption><\/figure>\n<p><strong>Notes:<\/strong><\/p>\n<p><a href=\"applewebdata:\/\/14F76211-76C1-4F20-87CB-9D50C07BB049#_ednref1\" name=\"_edn1\">[i]<\/a> https:\/\/www.eventbrite.com\/e\/colonial-countryside-heritage-research-and-the-culture-war-tickets-145433279855?keep_tld=1#<\/p>\n<p><a href=\"applewebdata:\/\/14F76211-76C1-4F20-87CB-9D50C07BB049#_ednref2\" name=\"_edn2\">[ii]<\/a> McGarvey, D, \u2018Poverty Safari: Understanding the Anger of Britain\u2019s Underclass\u2019 (2018)<\/p>\n<p><a href=\"applewebdata:\/\/14F76211-76C1-4F20-87CB-9D50C07BB049#_ednref3\" name=\"_edn3\">[iii]<\/a> https:\/\/www.gov.uk\/government\/publications\/final-report-the-economics-of-biodiversity-the-dasgupta-review<\/p>\n<p><a href=\"applewebdata:\/\/14F76211-76C1-4F20-87CB-9D50C07BB049#_ednref4\" name=\"_edn4\">[iv]<\/a> <a href=\"https:\/\/theconvivialsociety.substack.com\/p\/your-attention-is-not-a-resource\">https:\/\/theconvivialsociety.substack.com\/p\/your-attention-is-not-a-resource<\/a><\/p>\n<p><a href=\"applewebdata:\/\/14F76211-76C1-4F20-87CB-9D50C07BB049#_ednref5\" name=\"_edn5\">[v]<\/a> Bhattachary, G, \u2018Rethinking Racial Capitalism: Questions of Reproduction and Survival\u2019 (2017), p8<\/p>\n<p><a href=\"applewebdata:\/\/14F76211-76C1-4F20-87CB-9D50C07BB049#_ednref6\" name=\"_edn6\">[vi]<\/a> Eddo-Lodge, R, \u2018Why I\u2019m No Longer Taking To White People About Race\u2019 (2018), p211<\/p>\n<p><a href=\"applewebdata:\/\/14F76211-76C1-4F20-87CB-9D50C07BB049#_ednref7\" name=\"_edn7\">[vii]<\/a> <a href=\"https:\/\/www.facebook.com\/AlmostLiverpool8\/\">https:\/\/www.facebook.com\/AlmostLiverpool8\/<\/a><\/p>\n<p><a href=\"applewebdata:\/\/14F76211-76C1-4F20-87CB-9D50C07BB049#_ednref8\" name=\"_edn8\">[viii]<\/a> <a href=\"https:\/\/www.liverpoolmuseums.org.uk\/whatson\/museum-of-liverpool\/exhibition\/liverpool-8-against-apartheid\">https:\/\/www.liverpoolmuseums.org.uk\/whatson\/museum-of-liverpool\/exhibition\/liverpool-8-against-apartheid<\/a><\/p>\n<p><a href=\"applewebdata:\/\/14F76211-76C1-4F20-87CB-9D50C07BB049#_ednref9\" name=\"_edn9\">[ix]<\/a> <a href=\"https:\/\/www.bbc.co.uk\/programmes\/m000wfcj\">https:\/\/www.bbc.co.uk\/programmes\/m000wfcj<\/a><\/p>\n<p><a href=\"applewebdata:\/\/14F76211-76C1-4F20-87CB-9D50C07BB049#_ednref10\" name=\"_edn10\">[x]<\/a> <a href=\"http:\/\/tayoaluko.blogspot.com\/2019\/07\/washing-away-all-african-blood.html\">http:\/\/tayoaluko.blogspot.com\/2019\/07\/washing-away-all-african-blood.html<\/a><\/p>\n<\/div><div class=\"answer\">\n<h3 id=\"Abdallah\">Abdallah Tawfic<\/h3>\n    <div class=\"wp-biographia-container-around\">\n        <div class=\"wp-biographia-pic\"><img alt='Abdallah Tawfic' src='https:\/\/www.thenatureofcities.com\/TNOC\/wp-content\/uploads\/2019\/10\/Abdallah-1-125x125.png' srcset=\"https:\/\/www.thenatureofcities.com\/TNOC\/wp-content\/uploads\/2019\/10\/Abdallah-1-250x250.png 2x\" class='avatar avatar-125 photo wp-biographia-avatar' height='125' width='125' \/><\/div>\n        <div class=\"wp-biographia-text\">\n            <h3>about the writer<br>\n                <a href=\"https:\/\/www.thenatureofcities.com\/TNOC\/author\/abdallahtawfic\/\">Abdallah Tawfic<\/a>\n            <\/h3>\n            <p>Abdallah is an architect, environmentalist and urban farmer. He works at the German International Cooperation (GIZ) and he is also the cofounder of Urban Greens Egypt, a startup aiming to promote the concept of Urban Agriculture in Cairo.<\/p>\n        <\/div>\n    <\/div>\n    \n<p><strong>Women in public spaces<\/strong><\/p>\n<figure class=\"wp-block-pullquote\"><blockquote>Women\u2019s experiences and perceptions of public spaces differ from men&#8217;s and it is important to take these differences into account when planning and designing spaces. By applying an intersectional gender lens, women\u2019s specific experiences, needs, and concerns can inform the development of safe and inclusive public spaces.<\/blockquote><\/figure>\n<p>Public spaces play a significant role in community life. They provide a space for people to foster social connections, engage in physical activity, and provide access to green spaces. Being able to occupy public space can positively impact social, mental, and physical health. However, in many countries around the world \u2014 and more in the developing world \u2014 there is inequality in who can access and use these spaces comfortably and safely.<\/p>\n<p>Evidence shows that women are more likely than men to feel unsafe in public spaces, and can also feel that the space is not designed with them in mind and consideration. This is particularly true for women who experience other intersecting forms of marginalization, such as those women from migrant backgrounds, older women, or religious orientation.<\/p>\n<p>\u201cCities have the capability of providing something for everybody, only because, and only when, they are created by everybody.\u201d This was the way the writer and activist Jane Jacobs described how spaces of our cities can be thought of in her book <em>Death and Life of American Cities<\/em> (1961). A recent <a href=\"https:\/\/www.researchgate.net\/publication\/327285947_Women_in_Egypt_The_myth_of_a_safe_public_space\/citation\/download\">UN report<\/a> stated that 99.3% of women are being harassed in public (see Note). This phenomenon has been explained in many researches as the natural result of the gender segregation within the society. A society with a culture of males perceiving public space as their own territory while females perceive it as a daily ambush.<\/p>\n<p>Experiencing the public space as a safe space that encourages equal social interaction among users with diverse interests, opinions, and perspectives is a luxury that has not existed before in Egypt, and the society and different movements are exerting efforts nowadays to change it. When the revolution sparked in Cairo in 2011, women marched to Tahrir square with the hope of freedom, change in the political regime, and the rights for safe means of speaking their minds in public spaces.<\/p>\n<p>The social classes of Egyptian women in the early 20th century were divided with different shares of the public sphere. This has somehow improved during time, however, although today there are still some unexplained stigmas around male-dominant public space activities, especially in informal areas. Coffee shops in informal settlements or <em>\u201cAhwa\u201d<\/em> (short for coffee shop in Arabic) today remains a male-dominated space. There are no rules that prevent women from enjoying a cup of tea and chat with friends in any <em>\u201cAhwa\u201d<\/em> in Egypt. However, the Egyptian society was raised with the idea that this space is not a place for women, and <em>Ahwas<\/em> are considered marked zones for men only to enjoy their drinks and play cards.<\/p>\n<p>Women\u2019s experiences and perceptions of public spaces di\ufb00er to men and it is important to take\u00a0these differences into account when planning and designing spaces. By applying an intersectional gender lens, women\u2019s specific experiences, needs, and concerns can inform the development of safe and inclusive public spaces.<\/p>\n<p>Good design is always the key to creating public spaces that are inclusive, accessible, and safe for everyone in the community. In order to create these spaces effectively, design must acknowledge and accommodate the specific needs and experiences of all groups within the community, taking into consideration the cultural traditions and activities that differs from a country to another, and break down retroactive activities that has turned into old fashioned rooted traditions that doesn\u2019t make sense in our modern world.<\/p>\n<figure id=\"attachment_46800\" aria-describedby=\"caption-attachment-46800\" style=\"width: 604px\" class=\"wp-caption aligncenter\"><a href=\"https:\/\/www.thenatureofcities.com\/2021\/06\/07\/beyond-equity-what-does-an-anti-racist-urban-ecology-look-like\/clashes-in-tahrir-square\/\" rel=\"attachment wp-att-46800\"><img loading=\"lazy\" decoding=\"async\" class=\"wp-image-46800\" src=\"https:\/\/www.thenatureofcities.com\/TNOC\/wp-content\/uploads\/2021\/05\/image001-1.jpg\" alt=\"\" width=\"604\" height=\"400\" srcset=\"https:\/\/www.thenatureofcities.com\/TNOC\/wp-content\/uploads\/2021\/05\/image001-1.jpg 680w, https:\/\/www.thenatureofcities.com\/TNOC\/wp-content\/uploads\/2021\/05\/image001-1-100x66.jpg 100w\" sizes=\"auto, (max-width: 604px) 100vw, 604px\" \/><\/a><figcaption id=\"caption-attachment-46800\" class=\"wp-caption-text\">Women protesters in Tahrir square in Cairo, Egypt, 22 November 2011. Photo: Mohamed Omar\/ EPA<\/figcaption><\/figure>\n<p><strong>Note<\/strong>:<\/p>\n<ul>\n<li>Braker, Bedour. (2018). Women in Egypt The myth of a safe public space. Retrieved from: <a href=\"https:\/\/www.researchgate.net\/publication\/327285947_Women_in_Egypt_The_myth_of_a_safe_public_space\/citation\/download\" target=\"_blank\" rel=\"noopener\">https:\/\/www.researchgate.net\/publication\/327285947_Women_in_Egypt_The_myth_of_a_safe_public_space\/citation\/download<\/a><\/li>\n<\/ul>\n<\/div>","protected":false},"excerpt":{"rendered":"<p>&nbsp; Polly Moseley Identifying as an anti-racist gives me more courage to take responsibility for the society and culture. I am an activist within. In Liverpool, a city in which almost all infrastructure is directly connected to the Slave Trade, my work involves constantly thinking about how to decolonialise histories and to give voice to [&hellip;]<\/p>\n","protected":false},"author":689,"featured_media":46896,"comment_status":"open","ping_status":"open","sticky":false,"template":"wp-custom-template-roundtable-posts","format":"standard","meta":{"footnotes":""},"categories":[1104,300,1129,938,1102,1103,298,299,280,297],"tags":[47,43,49,392,84,23,405,88,65,33],"coauthors":[924,543,1308,1304,1302,1306,1309,894,1299,772,1192,757,1301,1310,1311,1305,1314,1041,937,343,1303,1300,269],"class_list":["post-46758","post","type-post","status-publish","format-standard","has-post-thumbnail","hentry","category-africa","category-essay-art-and-awareness","category-asia","category-europe","category-latin-america","category-north-america","category-essay-people-and-communitites","category-essay-place-and-design","category-roundtable","category-essay-science-and-tools","tag-asia","tag-awareness","tag-communities","tag-justice","tag-livability","tag-north-america","tag-participationdemocracy","tag-planning","tag-policy","tag-resilience"],"_links":{"self":[{"href":"https:\/\/www.thenatureofcities.com\/TNOC\/wp-json\/wp\/v2\/posts\/46758","targetHints":{"allow":["GET"]}}],"collection":[{"href":"https:\/\/www.thenatureofcities.com\/TNOC\/wp-json\/wp\/v2\/posts"}],"about":[{"href":"https:\/\/www.thenatureofcities.com\/TNOC\/wp-json\/wp\/v2\/types\/post"}],"author":[{"embeddable":true,"href":"https:\/\/www.thenatureofcities.com\/TNOC\/wp-json\/wp\/v2\/users\/689"}],"replies":[{"embeddable":true,"href":"https:\/\/www.thenatureofcities.com\/TNOC\/wp-json\/wp\/v2\/comments?post=46758"}],"version-history":[{"count":3,"href":"https:\/\/www.thenatureofcities.com\/TNOC\/wp-json\/wp\/v2\/posts\/46758\/revisions"}],"predecessor-version":[{"id":58292,"href":"https:\/\/www.thenatureofcities.com\/TNOC\/wp-json\/wp\/v2\/posts\/46758\/revisions\/58292"}],"wp:featuredmedia":[{"embeddable":true,"href":"https:\/\/www.thenatureofcities.com\/TNOC\/wp-json\/wp\/v2\/media\/46896"}],"wp:attachment":[{"href":"https:\/\/www.thenatureofcities.com\/TNOC\/wp-json\/wp\/v2\/media?parent=46758"}],"wp:term":[{"taxonomy":"category","embeddable":true,"href":"https:\/\/www.thenatureofcities.com\/TNOC\/wp-json\/wp\/v2\/categories?post=46758"},{"taxonomy":"post_tag","embeddable":true,"href":"https:\/\/www.thenatureofcities.com\/TNOC\/wp-json\/wp\/v2\/tags?post=46758"},{"taxonomy":"author","embeddable":true,"href":"https:\/\/www.thenatureofcities.com\/TNOC\/wp-json\/wp\/v2\/coauthors?post=46758"}],"curies":[{"name":"wp","href":"https:\/\/api.w.org\/{rel}","templated":true}]}}